{"id":40100,"date":"2025-01-29T18:16:13","date_gmt":"2025-01-29T19:16:13","guid":{"rendered":"https:\/\/tva.cv\/?p=40100"},"modified":"2025-01-29T18:16:13","modified_gmt":"2025-01-29T19:16:13","slug":"jornadas-cientifico-culturais-o-patrimonio-da-cidade-velha-e-a-identidade-nacional","status":"publish","type":"post","link":"https:\/\/tva.cv\/index.php\/2025\/01\/29\/jornadas-cientifico-culturais-o-patrimonio-da-cidade-velha-e-a-identidade-nacional\/","title":{"rendered":"Jornadas Cient\u00edfico Culturais \u201cO Patrim\u00f3nio da Cidade Velha e a Identidade Nacional\u201d"},"content":{"rendered":"<p><iframe width=\"560\" height=\"315\" src=\"https:\/\/www.youtube.com\/embed\/_LQnvv1_PLs?si=3EjdYG6mv1Q7PzZt\" title=\"YouTube video player\" frameborder=\"0\" allow=\"accelerometer; autoplay; clipboard-write; encrypted-media; gyroscope; picture-in-picture; web-share\" referrerpolicy=\"strict-origin-when-cross-origin\" allowfullscreen><\/iframe><br \/>\nAs Jornadas Cient\u00edfico-Culturais \u201cO Patrim\u00f3nio da Cidade Velha e a Identidade Nacional\u201d continuam a ser um espa\u00e7o crucial para o debate sobre o patrim\u00f3nio e a identidade de Cabo Verde, com o objetivo de promover a Cidade Velha como um \u00edcone da hist\u00f3ria global e projetar o pa\u00eds no cen\u00e1rio internacional. O evento, realizado na Cidade Velha, foi presidido pelo Presidente da Rep\u00fablica, Jos\u00e9 Maria Neves, que abordou a promo\u00e7\u00e3o, preserva\u00e7\u00e3o e a valoriza\u00e7\u00e3o do s\u00edtio como um s\u00edmbolo da identidade nacional de Cabo Verde. O Chefe de Estado sublinha que o patrim\u00f3nio n\u00e3o deve ser visto apenas como uma heran\u00e7a do passado, mas como um recurso estrat\u00e9gico para o futuro.<\/p>\n","protected":false},"excerpt":{"rendered":"<p>As Jornadas Cient\u00edfico-Culturais \u201cO Patrim\u00f3nio da Cidade Velha e a Identidade Nacional\u201d continuam a ser um espa\u00e7o crucial para o debate sobre o patrim\u00f3nio e a identidade de Cabo Verde, com o objetivo de promover a Cidade Velha como um \u00edcone da hist\u00f3ria global e projetar o pa\u00eds no cen\u00e1rio internacional. O evento, realizado na Cidade Velha, foi presidido pelo Presidente da Rep\u00fablica, Jos\u00e9 Maria Neves, que abordou a promo\u00e7\u00e3o, preserva\u00e7\u00e3o e a valoriza\u00e7\u00e3o do s\u00edtio como um s\u00edmbolo da identidade nacional de Cabo Verde. O Chefe de Estado sublinha que o patrim\u00f3nio n\u00e3o deve ser visto apenas como uma [&hellip;]<\/p>\n","protected":false},"author":2,"featured_media":40102,"comment_status":"open","ping_status":"open","sticky":false,"template":"","format":"standard","meta":{"om_disable_all_campaigns":false,"_monsterinsights_skip_tracking":false,"_monsterinsights_sitenote_active":false,"_monsterinsights_sitenote_note":"","_monsterinsights_sitenote_category":0},"categories":[562],"tags":[586],"aioseo_notices":[],"_links":{"self":[{"href":"https:\/\/tva.cv\/index.php\/wp-json\/wp\/v2\/posts\/40100"}],"collection":[{"href":"https:\/\/tva.cv\/index.php\/wp-json\/wp\/v2\/posts"}],"about":[{"href":"https:\/\/tva.cv\/index.php\/wp-json\/wp\/v2\/types\/post"}],"author":[{"embeddable":true,"href":"https:\/\/tva.cv\/index.php\/wp-json\/wp\/v2\/users\/2"}],"replies":[{"embeddable":true,"href":"https:\/\/tva.cv\/index.php\/wp-json\/wp\/v2\/comments?post=40100"}],"version-history":[{"count":1,"href":"https:\/\/tva.cv\/index.php\/wp-json\/wp\/v2\/posts\/40100\/revisions"}],"predecessor-version":[{"id":40103,"href":"https:\/\/tva.cv\/index.php\/wp-json\/wp\/v2\/posts\/40100\/revisions\/40103"}],"wp:featuredmedia":[{"embeddable":true,"href":"https:\/\/tva.cv\/index.php\/wp-json\/wp\/v2\/media\/40102"}],"wp:attachment":[{"href":"https:\/\/tva.cv\/index.php\/wp-json\/wp\/v2\/media?parent=40100"}],"wp:term":[{"taxonomy":"category","embeddable":true,"href":"https:\/\/tva.cv\/index.php\/wp-json\/wp\/v2\/categories?post=40100"},{"taxonomy":"post_tag","embeddable":true,"href":"https:\/\/tva.cv\/index.php\/wp-json\/wp\/v2\/tags?post=40100"}],"curies":[{"name":"wp","href":"https:\/\/api.w.org\/{rel}","templated":true}]}}