{"id":40091,"date":"2025-01-28T16:02:17","date_gmt":"2025-01-28T17:02:17","guid":{"rendered":"https:\/\/tva.cv\/?p=40091"},"modified":"2025-01-28T16:02:17","modified_gmt":"2025-01-28T17:02:17","slug":"consumidores-de-cabo-verde-podem-pagar-mais-caro-por-produtosessenciais-em-2025","status":"publish","type":"post","link":"https:\/\/tva.cv\/index.php\/2025\/01\/28\/consumidores-de-cabo-verde-podem-pagar-mais-caro-por-produtosessenciais-em-2025\/","title":{"rendered":"Consumidores de Cabo Verde podem pagar mais caro por produtosessenciais em 2025"},"content":{"rendered":"<p><iframe width=\"560\" height=\"315\" src=\"https:\/\/www.youtube.com\/embed\/Mlv2t_qTy1w?si=VRMUItaEAwEdg4Z7\" title=\"YouTube video player\" frameborder=\"0\" allow=\"accelerometer; autoplay; clipboard-write; encrypted-media; gyroscope; picture-in-picture; web-share\" referrerpolicy=\"strict-origin-when-cross-origin\" allowfullscreen><\/iframe><br \/>\nOs cabo-verdianos correm o risco de enfrentar aumentos nos pre\u00e7os dos bens essenciais em 2025, devido \u00e0 amea\u00e7a do presidente dos Estados Unidos, Donald Trump, de aplicar tarifas a produtos da Europa e da China, segundo alertou o presidente da C\u00e2mara de Com\u00e9rcio de Sotavento Marcos Rodrigues.<\/p>\n","protected":false},"excerpt":{"rendered":"<p>Os cabo-verdianos correm o risco de enfrentar aumentos nos pre\u00e7os dos bens essenciais em 2025, devido \u00e0 amea\u00e7a do presidente dos Estados Unidos, Donald Trump, de aplicar tarifas a produtos da Europa e da China, segundo alertou o presidente da C\u00e2mara de Com\u00e9rcio de Sotavento Marcos Rodrigues.<\/p>\n","protected":false},"author":2,"featured_media":40092,"comment_status":"open","ping_status":"open","sticky":false,"template":"","format":"standard","meta":{"om_disable_all_campaigns":false,"_monsterinsights_skip_tracking":false,"_monsterinsights_sitenote_active":false,"_monsterinsights_sitenote_note":"","_monsterinsights_sitenote_category":0},"categories":[558],"tags":[586],"aioseo_notices":[],"_links":{"self":[{"href":"https:\/\/tva.cv\/index.php\/wp-json\/wp\/v2\/posts\/40091"}],"collection":[{"href":"https:\/\/tva.cv\/index.php\/wp-json\/wp\/v2\/posts"}],"about":[{"href":"https:\/\/tva.cv\/index.php\/wp-json\/wp\/v2\/types\/post"}],"author":[{"embeddable":true,"href":"https:\/\/tva.cv\/index.php\/wp-json\/wp\/v2\/users\/2"}],"replies":[{"embeddable":true,"href":"https:\/\/tva.cv\/index.php\/wp-json\/wp\/v2\/comments?post=40091"}],"version-history":[{"count":1,"href":"https:\/\/tva.cv\/index.php\/wp-json\/wp\/v2\/posts\/40091\/revisions"}],"predecessor-version":[{"id":40093,"href":"https:\/\/tva.cv\/index.php\/wp-json\/wp\/v2\/posts\/40091\/revisions\/40093"}],"wp:featuredmedia":[{"embeddable":true,"href":"https:\/\/tva.cv\/index.php\/wp-json\/wp\/v2\/media\/40092"}],"wp:attachment":[{"href":"https:\/\/tva.cv\/index.php\/wp-json\/wp\/v2\/media?parent=40091"}],"wp:term":[{"taxonomy":"category","embeddable":true,"href":"https:\/\/tva.cv\/index.php\/wp-json\/wp\/v2\/categories?post=40091"},{"taxonomy":"post_tag","embeddable":true,"href":"https:\/\/tva.cv\/index.php\/wp-json\/wp\/v2\/tags?post=40091"}],"curies":[{"name":"wp","href":"https:\/\/api.w.org\/{rel}","templated":true}]}}