{"id":40063,"date":"2025-01-24T16:14:28","date_gmt":"2025-01-24T17:14:28","guid":{"rendered":"https:\/\/tva.cv\/?p=40063"},"modified":"2025-01-24T16:14:28","modified_gmt":"2025-01-24T17:14:28","slug":"lancamento-do-concurso-nha-cidade-nha-filme-2025","status":"publish","type":"post","link":"https:\/\/tva.cv\/index.php\/2025\/01\/24\/lancamento-do-concurso-nha-cidade-nha-filme-2025\/","title":{"rendered":"Lan\u00e7amento do Concurso \u201cNha Cidade Nha Filme-2025\u201d"},"content":{"rendered":"<p><iframe width=\"560\" height=\"315\" src=\"https:\/\/www.youtube.com\/embed\/yKR8FOLASS8?si=KTS1W6ipWui_mm0o\" title=\"YouTube video player\" frameborder=\"0\" allow=\"accelerometer; autoplay; clipboard-write; encrypted-media; gyroscope; picture-in-picture; web-share\" referrerpolicy=\"strict-origin-when-cross-origin\" allowfullscreen><\/iframe><br \/>\nA Associa\u00e7\u00e3o de Cinema e Audiovisual de Cabo Verde, lan\u00e7ou oficialmente o concurso \u201cNha Cidade Nha Filme-2025\u201d, que j\u00e1 vai na sua segunda edi\u00e7\u00e3o, um projeto que pretende envolver cidad\u00e3os de todo o pa\u00eds na cria\u00e7\u00e3o de curtas-metragens sobre a\u00e7\u00e3o clim\u00e1tica . A iniciativa decorre no \u00e2mbito das celebra\u00e7\u00f5es do 30.\u00ba anivers\u00e1rio da associa\u00e7\u00e3o, destacando-se pela promo\u00e7\u00e3o da consci\u00eancia ambiental e inclus\u00e3o social.<\/p>\n","protected":false},"excerpt":{"rendered":"<p>A Associa\u00e7\u00e3o de Cinema e Audiovisual de Cabo Verde, lan\u00e7ou oficialmente o concurso \u201cNha Cidade Nha Filme-2025\u201d, que j\u00e1 vai na sua segunda edi\u00e7\u00e3o, um projeto que pretende envolver cidad\u00e3os de todo o pa\u00eds na cria\u00e7\u00e3o de curtas-metragens sobre a\u00e7\u00e3o clim\u00e1tica . A iniciativa decorre no \u00e2mbito das celebra\u00e7\u00f5es do 30.\u00ba anivers\u00e1rio da associa\u00e7\u00e3o, destacando-se pela promo\u00e7\u00e3o da consci\u00eancia ambiental e inclus\u00e3o social.<\/p>\n","protected":false},"author":2,"featured_media":40064,"comment_status":"open","ping_status":"open","sticky":false,"template":"","format":"standard","meta":{"om_disable_all_campaigns":false,"_monsterinsights_skip_tracking":false,"_monsterinsights_sitenote_active":false,"_monsterinsights_sitenote_note":"","_monsterinsights_sitenote_category":0},"categories":[562],"tags":[586],"aioseo_notices":[],"_links":{"self":[{"href":"https:\/\/tva.cv\/index.php\/wp-json\/wp\/v2\/posts\/40063"}],"collection":[{"href":"https:\/\/tva.cv\/index.php\/wp-json\/wp\/v2\/posts"}],"about":[{"href":"https:\/\/tva.cv\/index.php\/wp-json\/wp\/v2\/types\/post"}],"author":[{"embeddable":true,"href":"https:\/\/tva.cv\/index.php\/wp-json\/wp\/v2\/users\/2"}],"replies":[{"embeddable":true,"href":"https:\/\/tva.cv\/index.php\/wp-json\/wp\/v2\/comments?post=40063"}],"version-history":[{"count":1,"href":"https:\/\/tva.cv\/index.php\/wp-json\/wp\/v2\/posts\/40063\/revisions"}],"predecessor-version":[{"id":40065,"href":"https:\/\/tva.cv\/index.php\/wp-json\/wp\/v2\/posts\/40063\/revisions\/40065"}],"wp:featuredmedia":[{"embeddable":true,"href":"https:\/\/tva.cv\/index.php\/wp-json\/wp\/v2\/media\/40064"}],"wp:attachment":[{"href":"https:\/\/tva.cv\/index.php\/wp-json\/wp\/v2\/media?parent=40063"}],"wp:term":[{"taxonomy":"category","embeddable":true,"href":"https:\/\/tva.cv\/index.php\/wp-json\/wp\/v2\/categories?post=40063"},{"taxonomy":"post_tag","embeddable":true,"href":"https:\/\/tva.cv\/index.php\/wp-json\/wp\/v2\/tags?post=40063"}],"curies":[{"name":"wp","href":"https:\/\/api.w.org\/{rel}","templated":true}]}}