{"id":40005,"date":"2025-01-22T11:22:16","date_gmt":"2025-01-22T12:22:16","guid":{"rendered":"https:\/\/tva.cv\/?p=40005"},"modified":"2025-01-22T11:27:33","modified_gmt":"2025-01-22T12:27:33","slug":"cidadaos-defendem-o-ensino-das-dados-historicos-para-valorizar-o-dia-dos-herois-nacionais","status":"publish","type":"post","link":"https:\/\/tva.cv\/index.php\/2025\/01\/22\/cidadaos-defendem-o-ensino-das-dados-historicos-para-valorizar-o-dia-dos-herois-nacionais\/","title":{"rendered":"Jovens unem para homenagear Am\u00edlcar Cabral e valorizar os her\u00f3is nacionais"},"content":{"rendered":"<p><iframe width=\"560\" height=\"315\" src=\"https:\/\/www.youtube.com\/embed\/QLGQokoo2FA?si=P59z0SbZ6P0LyOKm\" title=\"YouTube video player\" frameborder=\"0\" allow=\"accelerometer; autoplay; clipboard-write; encrypted-media; gyroscope; picture-in-picture; web-share\" referrerpolicy=\"strict-origin-when-cross-origin\" allowfullscreen><\/iframe><br \/>\nNa cidade da Praia, v\u00e1rios jovens, ligados a movimentos como o Federalista Pan-Africano Cabo<br \/>\nVerde e Portugal, e o Centen\u00e1rio Am\u00edlcar Cabral, sa\u00edram \u00e0s ruas para a marcha intitulada \u201c50<br \/>\nanos de Caminho para Liberdade e Independ\u00eancia\u201d. A iniciativa visa despertar a consci\u00eancia<br \/>\npol\u00edtica, especialmente entre os jovens, num dia que simboliza a luta pela liberdade e<br \/>\nindepend\u00eancia de Cabo Verde e da Guin\u00e9-Bissau.<\/p>\n","protected":false},"excerpt":{"rendered":"<p>Na cidade da Praia, v\u00e1rios jovens, ligados a movimentos como o Federalista Pan-Africano Cabo Verde e Portugal, e o Centen\u00e1rio Am\u00edlcar Cabral, sa\u00edram \u00e0s ruas para a marcha intitulada \u201c50 anos de Caminho para Liberdade e Independ\u00eancia\u201d. A iniciativa visa despertar a consci\u00eancia pol\u00edtica, especialmente entre os jovens, num dia que simboliza a luta pela liberdade e independ\u00eancia de Cabo Verde e da Guin\u00e9-Bissau.<\/p>\n","protected":false},"author":2,"featured_media":40006,"comment_status":"open","ping_status":"open","sticky":false,"template":"","format":"standard","meta":{"om_disable_all_campaigns":false,"_monsterinsights_skip_tracking":false,"_monsterinsights_sitenote_active":false,"_monsterinsights_sitenote_note":"","_monsterinsights_sitenote_category":0},"categories":[567],"tags":[586],"aioseo_notices":[],"_links":{"self":[{"href":"https:\/\/tva.cv\/index.php\/wp-json\/wp\/v2\/posts\/40005"}],"collection":[{"href":"https:\/\/tva.cv\/index.php\/wp-json\/wp\/v2\/posts"}],"about":[{"href":"https:\/\/tva.cv\/index.php\/wp-json\/wp\/v2\/types\/post"}],"author":[{"embeddable":true,"href":"https:\/\/tva.cv\/index.php\/wp-json\/wp\/v2\/users\/2"}],"replies":[{"embeddable":true,"href":"https:\/\/tva.cv\/index.php\/wp-json\/wp\/v2\/comments?post=40005"}],"version-history":[{"count":2,"href":"https:\/\/tva.cv\/index.php\/wp-json\/wp\/v2\/posts\/40005\/revisions"}],"predecessor-version":[{"id":40008,"href":"https:\/\/tva.cv\/index.php\/wp-json\/wp\/v2\/posts\/40005\/revisions\/40008"}],"wp:featuredmedia":[{"embeddable":true,"href":"https:\/\/tva.cv\/index.php\/wp-json\/wp\/v2\/media\/40006"}],"wp:attachment":[{"href":"https:\/\/tva.cv\/index.php\/wp-json\/wp\/v2\/media?parent=40005"}],"wp:term":[{"taxonomy":"category","embeddable":true,"href":"https:\/\/tva.cv\/index.php\/wp-json\/wp\/v2\/categories?post=40005"},{"taxonomy":"post_tag","embeddable":true,"href":"https:\/\/tva.cv\/index.php\/wp-json\/wp\/v2\/tags?post=40005"}],"curies":[{"name":"wp","href":"https:\/\/api.w.org\/{rel}","templated":true}]}}