{"id":39978,"date":"2025-01-16T10:00:14","date_gmt":"2025-01-16T11:00:14","guid":{"rendered":"https:\/\/tva.cv\/?p=39978"},"modified":"2025-01-16T10:00:14","modified_gmt":"2025-01-16T11:00:14","slug":"58-o-aniversario-de-forcas-armadas","status":"publish","type":"post","link":"https:\/\/tva.cv\/index.php\/2025\/01\/16\/58-o-aniversario-de-forcas-armadas\/","title":{"rendered":"58.\u00ba Anivers\u00e1rio de For\u00e7as Armadas"},"content":{"rendered":"<p><iframe width=\"560\" height=\"315\" src=\"https:\/\/www.youtube.com\/embed\/YQ_stQplv5A?si=B_T90bWMVCo0bUyi\" title=\"YouTube video player\" frameborder=\"0\" allow=\"accelerometer; autoplay; clipboard-write; encrypted-media; gyroscope; picture-in-picture; web-share\" referrerpolicy=\"strict-origin-when-cross-origin\" allowfullscreen><\/iframe><br \/>\nAs For\u00e7as Armadas de Cabo Verde celebram hoje, o seu 58.\u00ba anivers\u00e1rio com um vasto programa de atividades militares, culturais, c\u00edvicas e desportivas, culminando na entrega da Ordem Am\u00edlcar Cabral, Primeiro Grau, uma das mais altas distin\u00e7\u00f5es nacionais, em reconhecimento pelo seu papel hist\u00f3rico e contributo para o desenvolvimento do pa\u00eds.<br \/>\nFonte: Minist\u00e9rio da Defesa Nacional\\ Expresso das Ilhas<\/p>\n","protected":false},"excerpt":{"rendered":"<p>As For\u00e7as Armadas de Cabo Verde celebram hoje, o seu 58.\u00ba anivers\u00e1rio com um vasto programa de atividades militares, culturais, c\u00edvicas e desportivas, culminando na entrega da Ordem Am\u00edlcar Cabral, Primeiro Grau, uma das mais altas distin\u00e7\u00f5es nacionais, em reconhecimento pelo seu papel hist\u00f3rico e contributo para o desenvolvimento do pa\u00eds. Fonte: Minist\u00e9rio da Defesa Nacional\\ Expresso das Ilhas<\/p>\n","protected":false},"author":2,"featured_media":39979,"comment_status":"open","ping_status":"open","sticky":false,"template":"","format":"standard","meta":{"om_disable_all_campaigns":false,"_monsterinsights_skip_tracking":false,"_monsterinsights_sitenote_active":false,"_monsterinsights_sitenote_note":"","_monsterinsights_sitenote_category":0},"categories":[602],"tags":[586],"aioseo_notices":[],"_links":{"self":[{"href":"https:\/\/tva.cv\/index.php\/wp-json\/wp\/v2\/posts\/39978"}],"collection":[{"href":"https:\/\/tva.cv\/index.php\/wp-json\/wp\/v2\/posts"}],"about":[{"href":"https:\/\/tva.cv\/index.php\/wp-json\/wp\/v2\/types\/post"}],"author":[{"embeddable":true,"href":"https:\/\/tva.cv\/index.php\/wp-json\/wp\/v2\/users\/2"}],"replies":[{"embeddable":true,"href":"https:\/\/tva.cv\/index.php\/wp-json\/wp\/v2\/comments?post=39978"}],"version-history":[{"count":1,"href":"https:\/\/tva.cv\/index.php\/wp-json\/wp\/v2\/posts\/39978\/revisions"}],"predecessor-version":[{"id":39980,"href":"https:\/\/tva.cv\/index.php\/wp-json\/wp\/v2\/posts\/39978\/revisions\/39980"}],"wp:featuredmedia":[{"embeddable":true,"href":"https:\/\/tva.cv\/index.php\/wp-json\/wp\/v2\/media\/39979"}],"wp:attachment":[{"href":"https:\/\/tva.cv\/index.php\/wp-json\/wp\/v2\/media?parent=39978"}],"wp:term":[{"taxonomy":"category","embeddable":true,"href":"https:\/\/tva.cv\/index.php\/wp-json\/wp\/v2\/categories?post=39978"},{"taxonomy":"post_tag","embeddable":true,"href":"https:\/\/tva.cv\/index.php\/wp-json\/wp\/v2\/tags?post=39978"}],"curies":[{"name":"wp","href":"https:\/\/api.w.org\/{rel}","templated":true}]}}