{"id":39916,"date":"2024-12-17T09:51:30","date_gmt":"2024-12-17T10:51:30","guid":{"rendered":"https:\/\/tva.cv\/?p=39916"},"modified":"2024-12-17T09:51:30","modified_gmt":"2024-12-17T10:51:30","slug":"sindicatos-de-cabo-verde-denunciam-tentativa-de-golpe-de-joaquina-almeida-no-sindicato","status":"publish","type":"post","link":"https:\/\/tva.cv\/index.php\/2024\/12\/17\/sindicatos-de-cabo-verde-denunciam-tentativa-de-golpe-de-joaquina-almeida-no-sindicato\/","title":{"rendered":"Sindicatos de Cabo Verde denunciam tentativa de golpe de Joaquina Almeida no sindicato"},"content":{"rendered":"<p><iframe width=\"560\" height=\"315\" src=\"https:\/\/www.youtube.com\/embed\/T8FjUSV1Jqk?si=H0rabYA4ns7-u1N2\" title=\"YouTube video player\" frameborder=\"0\" allow=\"accelerometer; autoplay; clipboard-write; encrypted-media; gyroscope; picture-in-picture; web-share\" referrerpolicy=\"strict-origin-when-cross-origin\" allowfullscreen><\/iframe><br \/>\nA Plataforma Sindical de Cabo Verde manifestou total solidariedade para com o presidente em exerc\u00edcio do setor, Am\u00edlcar da Costa Neves, face \u00e0 tentativa de golpe ocorrida neste sindicato, executada orquestrada pela alegada seguran\u00e7a-geral, Joaquina Almeida.<\/p>\n","protected":false},"excerpt":{"rendered":"<p>A Plataforma Sindical de Cabo Verde manifestou total solidariedade para com o presidente em exerc\u00edcio do setor, Am\u00edlcar da Costa Neves, face \u00e0 tentativa de golpe ocorrida neste sindicato, executada orquestrada pela alegada seguran\u00e7a-geral, Joaquina Almeida.<\/p>\n","protected":false},"author":2,"featured_media":39917,"comment_status":"open","ping_status":"open","sticky":false,"template":"","format":"standard","meta":{"om_disable_all_campaigns":false,"_monsterinsights_skip_tracking":false,"_monsterinsights_sitenote_active":false,"_monsterinsights_sitenote_note":"","_monsterinsights_sitenote_category":0},"categories":[602],"tags":[586],"aioseo_notices":[],"_links":{"self":[{"href":"https:\/\/tva.cv\/index.php\/wp-json\/wp\/v2\/posts\/39916"}],"collection":[{"href":"https:\/\/tva.cv\/index.php\/wp-json\/wp\/v2\/posts"}],"about":[{"href":"https:\/\/tva.cv\/index.php\/wp-json\/wp\/v2\/types\/post"}],"author":[{"embeddable":true,"href":"https:\/\/tva.cv\/index.php\/wp-json\/wp\/v2\/users\/2"}],"replies":[{"embeddable":true,"href":"https:\/\/tva.cv\/index.php\/wp-json\/wp\/v2\/comments?post=39916"}],"version-history":[{"count":1,"href":"https:\/\/tva.cv\/index.php\/wp-json\/wp\/v2\/posts\/39916\/revisions"}],"predecessor-version":[{"id":39918,"href":"https:\/\/tva.cv\/index.php\/wp-json\/wp\/v2\/posts\/39916\/revisions\/39918"}],"wp:featuredmedia":[{"embeddable":true,"href":"https:\/\/tva.cv\/index.php\/wp-json\/wp\/v2\/media\/39917"}],"wp:attachment":[{"href":"https:\/\/tva.cv\/index.php\/wp-json\/wp\/v2\/media?parent=39916"}],"wp:term":[{"taxonomy":"category","embeddable":true,"href":"https:\/\/tva.cv\/index.php\/wp-json\/wp\/v2\/categories?post=39916"},{"taxonomy":"post_tag","embeddable":true,"href":"https:\/\/tva.cv\/index.php\/wp-json\/wp\/v2\/tags?post=39916"}],"curies":[{"name":"wp","href":"https:\/\/api.w.org\/{rel}","templated":true}]}}