{"id":39872,"date":"2024-12-11T10:10:01","date_gmt":"2024-12-11T11:10:01","guid":{"rendered":"https:\/\/tva.cv\/?p=39872"},"modified":"2024-12-11T10:10:01","modified_gmt":"2024-12-11T11:10:01","slug":"marrocos-oferece-meios-para-reforcar-missoes-humanitarias-nas-forcas-armadas-de-cabo-verde","status":"publish","type":"post","link":"https:\/\/tva.cv\/index.php\/2024\/12\/11\/marrocos-oferece-meios-para-reforcar-missoes-humanitarias-nas-forcas-armadas-de-cabo-verde\/","title":{"rendered":"Marrocos oferece meios para refor\u00e7ar miss\u00f5es humanit\u00e1rias nas For\u00e7as Armadas de Cabo Verde"},"content":{"rendered":"<p><iframe width=\"560\" height=\"315\" src=\"https:\/\/www.youtube.com\/embed\/sY2kuYZ8Q70?si=iyIlSSYJ-_CDxNyk\" title=\"YouTube video player\" frameborder=\"0\" allow=\"accelerometer; autoplay; clipboard-write; encrypted-media; gyroscope; picture-in-picture; web-share\" referrerpolicy=\"strict-origin-when-cross-origin\" allowfullscreen><\/iframe><br \/>\nHoje ocorreu a cerim\u00f4nia de entrega de equipamentos doados pelo Reino de Marrocos, incluindo tr\u00eas ambul\u00e2ncias, duas viaturas e uniformes, com o prop\u00f3sito de fortalecer as miss\u00f5es humanit\u00e1rias das For\u00e7as Armadas de Cabo Verde, no \u00e2mbito do Sistema Nacional de Prote\u00e7\u00e3o Civil.<\/p>\n","protected":false},"excerpt":{"rendered":"<p>Hoje ocorreu a cerim\u00f4nia de entrega de equipamentos doados pelo Reino de Marrocos, incluindo tr\u00eas ambul\u00e2ncias, duas viaturas e uniformes, com o prop\u00f3sito de fortalecer as miss\u00f5es humanit\u00e1rias das For\u00e7as Armadas de Cabo Verde, no \u00e2mbito do Sistema Nacional de Prote\u00e7\u00e3o Civil.<\/p>\n","protected":false},"author":2,"featured_media":39873,"comment_status":"open","ping_status":"open","sticky":false,"template":"","format":"standard","meta":{"om_disable_all_campaigns":false,"_monsterinsights_skip_tracking":false,"_monsterinsights_sitenote_active":false,"_monsterinsights_sitenote_note":"","_monsterinsights_sitenote_category":0},"categories":[602],"tags":[586],"aioseo_notices":[],"_links":{"self":[{"href":"https:\/\/tva.cv\/index.php\/wp-json\/wp\/v2\/posts\/39872"}],"collection":[{"href":"https:\/\/tva.cv\/index.php\/wp-json\/wp\/v2\/posts"}],"about":[{"href":"https:\/\/tva.cv\/index.php\/wp-json\/wp\/v2\/types\/post"}],"author":[{"embeddable":true,"href":"https:\/\/tva.cv\/index.php\/wp-json\/wp\/v2\/users\/2"}],"replies":[{"embeddable":true,"href":"https:\/\/tva.cv\/index.php\/wp-json\/wp\/v2\/comments?post=39872"}],"version-history":[{"count":1,"href":"https:\/\/tva.cv\/index.php\/wp-json\/wp\/v2\/posts\/39872\/revisions"}],"predecessor-version":[{"id":39874,"href":"https:\/\/tva.cv\/index.php\/wp-json\/wp\/v2\/posts\/39872\/revisions\/39874"}],"wp:featuredmedia":[{"embeddable":true,"href":"https:\/\/tva.cv\/index.php\/wp-json\/wp\/v2\/media\/39873"}],"wp:attachment":[{"href":"https:\/\/tva.cv\/index.php\/wp-json\/wp\/v2\/media?parent=39872"}],"wp:term":[{"taxonomy":"category","embeddable":true,"href":"https:\/\/tva.cv\/index.php\/wp-json\/wp\/v2\/categories?post=39872"},{"taxonomy":"post_tag","embeddable":true,"href":"https:\/\/tva.cv\/index.php\/wp-json\/wp\/v2\/tags?post=39872"}],"curies":[{"name":"wp","href":"https:\/\/api.w.org\/{rel}","templated":true}]}}