{"id":39869,"date":"2024-12-05T11:49:43","date_gmt":"2024-12-05T12:49:43","guid":{"rendered":"https:\/\/tva.cv\/?p=39869"},"modified":"2024-12-05T11:49:43","modified_gmt":"2024-12-05T12:49:43","slug":"acidente-de-viagem-na-ponte-de-chao-rodrigues-causa-uma-vitima-mortal","status":"publish","type":"post","link":"https:\/\/tva.cv\/index.php\/2024\/12\/05\/acidente-de-viagem-na-ponte-de-chao-rodrigues-causa-uma-vitima-mortal\/","title":{"rendered":"Acidente de viagem na Ponte de Ch\u00e3o Rodrigues causa uma v\u00edtima mortal"},"content":{"rendered":"<p><iframe width=\"560\" height=\"315\" src=\"https:\/\/www.youtube.com\/embed\/c8esoYoEjrY?si=kDN0rX1kCATiPcBB\" title=\"YouTube video player\" frameborder=\"0\" allow=\"accelerometer; autoplay; clipboard-write; encrypted-media; gyroscope; picture-in-picture; web-share\" referrerpolicy=\"strict-origin-when-cross-origin\" allowfullscreen><\/iframe><br \/>\nUm acidente de via\u00e7\u00e3o ocorrido hoje \u00e0 tarde, a poucos metros antes da Ponte de Ch\u00e3o Rodrigues, no munic\u00edpio de S\u00e3o Salvador do Mundo, verificado na morte de um jovem de 25 anos, identificado como Juventino Patrick Pires Pontes. Natural da ilha do Fogo, mas residente na cidade de Assomada, Santa Catarina, o jovem perdeu a vida devido a um politraumatismo.<\/p>\n","protected":false},"excerpt":{"rendered":"<p>Um acidente de via\u00e7\u00e3o ocorrido hoje \u00e0 tarde, a poucos metros antes da Ponte de Ch\u00e3o Rodrigues, no munic\u00edpio de S\u00e3o Salvador do Mundo, verificado na morte de um jovem de 25 anos, identificado como Juventino Patrick Pires Pontes. Natural da ilha do Fogo, mas residente na cidade de Assomada, Santa Catarina, o jovem perdeu a vida devido a um politraumatismo.<\/p>\n","protected":false},"author":2,"featured_media":39870,"comment_status":"open","ping_status":"open","sticky":false,"template":"","format":"standard","meta":{"om_disable_all_campaigns":false,"_monsterinsights_skip_tracking":false,"_monsterinsights_sitenote_active":false,"_monsterinsights_sitenote_note":"","_monsterinsights_sitenote_category":0},"categories":[602],"tags":[586],"aioseo_notices":[],"_links":{"self":[{"href":"https:\/\/tva.cv\/index.php\/wp-json\/wp\/v2\/posts\/39869"}],"collection":[{"href":"https:\/\/tva.cv\/index.php\/wp-json\/wp\/v2\/posts"}],"about":[{"href":"https:\/\/tva.cv\/index.php\/wp-json\/wp\/v2\/types\/post"}],"author":[{"embeddable":true,"href":"https:\/\/tva.cv\/index.php\/wp-json\/wp\/v2\/users\/2"}],"replies":[{"embeddable":true,"href":"https:\/\/tva.cv\/index.php\/wp-json\/wp\/v2\/comments?post=39869"}],"version-history":[{"count":1,"href":"https:\/\/tva.cv\/index.php\/wp-json\/wp\/v2\/posts\/39869\/revisions"}],"predecessor-version":[{"id":39871,"href":"https:\/\/tva.cv\/index.php\/wp-json\/wp\/v2\/posts\/39869\/revisions\/39871"}],"wp:featuredmedia":[{"embeddable":true,"href":"https:\/\/tva.cv\/index.php\/wp-json\/wp\/v2\/media\/39870"}],"wp:attachment":[{"href":"https:\/\/tva.cv\/index.php\/wp-json\/wp\/v2\/media?parent=39869"}],"wp:term":[{"taxonomy":"category","embeddable":true,"href":"https:\/\/tva.cv\/index.php\/wp-json\/wp\/v2\/categories?post=39869"},{"taxonomy":"post_tag","embeddable":true,"href":"https:\/\/tva.cv\/index.php\/wp-json\/wp\/v2\/tags?post=39869"}],"curies":[{"name":"wp","href":"https:\/\/api.w.org\/{rel}","templated":true}]}}