{"id":39833,"date":"2024-11-14T10:35:28","date_gmt":"2024-11-14T11:35:28","guid":{"rendered":"https:\/\/tva.cv\/?p=39833"},"modified":"2024-11-14T10:35:28","modified_gmt":"2024-11-14T11:35:28","slug":"governo-intensifica-o-combate-a-dengue-no-pais-com-novas-medidas-e-vacinacao-gratuita","status":"publish","type":"post","link":"https:\/\/tva.cv\/index.php\/2024\/11\/14\/governo-intensifica-o-combate-a-dengue-no-pais-com-novas-medidas-e-vacinacao-gratuita\/","title":{"rendered":"Governo intensifica o combate \u00e0 Dengue no pa\u00eds com novas medidas e vacina\u00e7\u00e3o gratuita"},"content":{"rendered":"<p><iframe width=\"560\" height=\"315\" src=\"https:\/\/www.youtube.com\/embed\/Rdl2KPx0Gfs?si=nzudhJu6PaYqJmM6\" title=\"YouTube video player\" frameborder=\"0\" allow=\"accelerometer; autoplay; clipboard-write; encrypted-media; gyroscope; picture-in-picture; web-share\" referrerpolicy=\"strict-origin-when-cross-origin\" allowfullscreen><\/iframe><br \/>\nO Primeiro Ministro, Ulisses Correia e Silva, fez uma comunica\u00e7\u00e3o ao pa\u00eds esta manh\u00e3 sobre a atual situa\u00e7\u00e3o epidemiol\u00f3gica da Dengue, destacando a evolu\u00e7\u00e3o do surto e as medidas adotadas pelo governo para o combate \u00e0 doen\u00e7a. Desde os primeiros casos identificados, h\u00e1 cerca de meses, Cabo Verde tem enfrentado uma epidemia de Dengue com maior incid\u00eancia nas cidades da Praia, S\u00e3o Filipe e Mosteiros. O pa\u00eds registrou at\u00e9 o momento 13.700 casos acumulados e quatro \u00f3bitos.<\/p>\n","protected":false},"excerpt":{"rendered":"<p>O Primeiro Ministro, Ulisses Correia e Silva, fez uma comunica\u00e7\u00e3o ao pa\u00eds esta manh\u00e3 sobre a atual situa\u00e7\u00e3o epidemiol\u00f3gica da Dengue, destacando a evolu\u00e7\u00e3o do surto e as medidas adotadas pelo governo para o combate \u00e0 doen\u00e7a. Desde os primeiros casos identificados, h\u00e1 cerca de meses, Cabo Verde tem enfrentado uma epidemia de Dengue com maior incid\u00eancia nas cidades da Praia, S\u00e3o Filipe e Mosteiros. O pa\u00eds registrou at\u00e9 o momento 13.700 casos acumulados e quatro \u00f3bitos.<\/p>\n","protected":false},"author":2,"featured_media":39834,"comment_status":"open","ping_status":"open","sticky":false,"template":"","format":"standard","meta":{"om_disable_all_campaigns":false,"_monsterinsights_skip_tracking":false,"_monsterinsights_sitenote_active":false,"_monsterinsights_sitenote_note":"","_monsterinsights_sitenote_category":0},"categories":[560],"tags":[586],"aioseo_notices":[],"_links":{"self":[{"href":"https:\/\/tva.cv\/index.php\/wp-json\/wp\/v2\/posts\/39833"}],"collection":[{"href":"https:\/\/tva.cv\/index.php\/wp-json\/wp\/v2\/posts"}],"about":[{"href":"https:\/\/tva.cv\/index.php\/wp-json\/wp\/v2\/types\/post"}],"author":[{"embeddable":true,"href":"https:\/\/tva.cv\/index.php\/wp-json\/wp\/v2\/users\/2"}],"replies":[{"embeddable":true,"href":"https:\/\/tva.cv\/index.php\/wp-json\/wp\/v2\/comments?post=39833"}],"version-history":[{"count":1,"href":"https:\/\/tva.cv\/index.php\/wp-json\/wp\/v2\/posts\/39833\/revisions"}],"predecessor-version":[{"id":39835,"href":"https:\/\/tva.cv\/index.php\/wp-json\/wp\/v2\/posts\/39833\/revisions\/39835"}],"wp:featuredmedia":[{"embeddable":true,"href":"https:\/\/tva.cv\/index.php\/wp-json\/wp\/v2\/media\/39834"}],"wp:attachment":[{"href":"https:\/\/tva.cv\/index.php\/wp-json\/wp\/v2\/media?parent=39833"}],"wp:term":[{"taxonomy":"category","embeddable":true,"href":"https:\/\/tva.cv\/index.php\/wp-json\/wp\/v2\/categories?post=39833"},{"taxonomy":"post_tag","embeddable":true,"href":"https:\/\/tva.cv\/index.php\/wp-json\/wp\/v2\/tags?post=39833"}],"curies":[{"name":"wp","href":"https:\/\/api.w.org\/{rel}","templated":true}]}}