{"id":39800,"date":"2024-11-12T09:59:27","date_gmt":"2024-11-12T10:59:27","guid":{"rendered":"https:\/\/tva.cv\/?p=39800"},"modified":"2024-11-12T09:59:27","modified_gmt":"2024-11-12T10:59:27","slug":"presidente-da-icieg-faz-balanco-positivo-dos-30-anos-da-instituicao-e-anteve-desafios-futuros","status":"publish","type":"post","link":"https:\/\/tva.cv\/index.php\/2024\/11\/12\/presidente-da-icieg-faz-balanco-positivo-dos-30-anos-da-instituicao-e-anteve-desafios-futuros\/","title":{"rendered":"Presidente da ICIEG, faz balan\u00e7o positivo dos 30 anos da institui\u00e7\u00e3o e antev\u00ea desafios futuros"},"content":{"rendered":"<p><iframe width=\"560\" height=\"315\" src=\"https:\/\/www.youtube.com\/embed\/K95-MO8j0yw?si=kK2gdRZy9rwpqlx9\" title=\"YouTube video player\" frameborder=\"0\" allow=\"accelerometer; autoplay; clipboard-write; encrypted-media; gyroscope; picture-in-picture; web-share\" referrerpolicy=\"strict-origin-when-cross-origin\" allowfullscreen><\/iframe><br \/>\nA presidente da ICIEG, Marisa Carvalho, assinalou o 30\u00ba anivers\u00e1rio da institui\u00e7\u00e3o com um balan\u00e7o positivo dos progressos alcan\u00e7ados nas \u00faltimas d\u00e9cadas,  no que diz respeito \u00e0 legisla\u00e7\u00e3o de combate \u00e0 viol\u00eancia baseada no g\u00e9nero. Em entrevista \u00e0 nossa reda\u00e7\u00e3o, Carvalho revelou que, apesar dos avan\u00e7os, a luta pela igualdade de g\u00e9nero continua a enfrentar novos desafios, nomeadamente o impacto das novas tecnologias e o Plano estrat\u00e9gico visa refor\u00e7ar a institui\u00e7\u00e3o nos pr\u00f3ximos tr\u00eas anos.<\/p>\n","protected":false},"excerpt":{"rendered":"<p>A presidente da ICIEG, Marisa Carvalho, assinalou o 30\u00ba anivers\u00e1rio da institui\u00e7\u00e3o com um balan\u00e7o positivo dos progressos alcan\u00e7ados nas \u00faltimas d\u00e9cadas, no que diz respeito \u00e0 legisla\u00e7\u00e3o de combate \u00e0 viol\u00eancia baseada no g\u00e9nero. Em entrevista \u00e0 nossa reda\u00e7\u00e3o, Carvalho revelou que, apesar dos avan\u00e7os, a luta pela igualdade de g\u00e9nero continua a enfrentar novos desafios, nomeadamente o impacto das novas tecnologias e o Plano estrat\u00e9gico visa refor\u00e7ar a institui\u00e7\u00e3o nos pr\u00f3ximos tr\u00eas anos.<\/p>\n","protected":false},"author":2,"featured_media":39801,"comment_status":"open","ping_status":"open","sticky":false,"template":"","format":"standard","meta":{"om_disable_all_campaigns":false,"_monsterinsights_skip_tracking":false,"_monsterinsights_sitenote_active":false,"_monsterinsights_sitenote_note":"","_monsterinsights_sitenote_category":0},"categories":[602],"tags":[586],"aioseo_notices":[],"_links":{"self":[{"href":"https:\/\/tva.cv\/index.php\/wp-json\/wp\/v2\/posts\/39800"}],"collection":[{"href":"https:\/\/tva.cv\/index.php\/wp-json\/wp\/v2\/posts"}],"about":[{"href":"https:\/\/tva.cv\/index.php\/wp-json\/wp\/v2\/types\/post"}],"author":[{"embeddable":true,"href":"https:\/\/tva.cv\/index.php\/wp-json\/wp\/v2\/users\/2"}],"replies":[{"embeddable":true,"href":"https:\/\/tva.cv\/index.php\/wp-json\/wp\/v2\/comments?post=39800"}],"version-history":[{"count":1,"href":"https:\/\/tva.cv\/index.php\/wp-json\/wp\/v2\/posts\/39800\/revisions"}],"predecessor-version":[{"id":39802,"href":"https:\/\/tva.cv\/index.php\/wp-json\/wp\/v2\/posts\/39800\/revisions\/39802"}],"wp:featuredmedia":[{"embeddable":true,"href":"https:\/\/tva.cv\/index.php\/wp-json\/wp\/v2\/media\/39801"}],"wp:attachment":[{"href":"https:\/\/tva.cv\/index.php\/wp-json\/wp\/v2\/media?parent=39800"}],"wp:term":[{"taxonomy":"category","embeddable":true,"href":"https:\/\/tva.cv\/index.php\/wp-json\/wp\/v2\/categories?post=39800"},{"taxonomy":"post_tag","embeddable":true,"href":"https:\/\/tva.cv\/index.php\/wp-json\/wp\/v2\/tags?post=39800"}],"curies":[{"name":"wp","href":"https:\/\/api.w.org\/{rel}","templated":true}]}}