{"id":39656,"date":"2024-08-31T12:08:40","date_gmt":"2024-08-31T13:08:40","guid":{"rendered":"https:\/\/tva.cv\/?p=39656"},"modified":"2024-08-31T12:08:40","modified_gmt":"2024-08-31T13:08:40","slug":"a-cv-interilhas-anunciou-duas-viagens-de-reforco-para-a-ilha-do-maio","status":"publish","type":"post","link":"https:\/\/tva.cv\/index.php\/2024\/08\/31\/a-cv-interilhas-anunciou-duas-viagens-de-reforco-para-a-ilha-do-maio\/","title":{"rendered":"A CV Interilhas anunciou duas viagens de refor\u00e7o para a ilha do Maio"},"content":{"rendered":"<p>A CV Interilhas anunciou o refor\u00e7o das suas viagens para a ilha do Maio na semana das celebra\u00e7\u00f5es do munic\u00edpio, previstas para 08 de Setembro. Em resposta \u00e0 elevada procura, a empresa ir\u00e1 operar duas viagens extras entre Praia e Maio nos dias 06 e 08 de Setembro, garantindo assim a presen\u00e7a de mais passageiros nas festividades.<br \/>\n<iframe width=\"560\" height=\"315\" src=\"https:\/\/www.youtube.com\/embed\/T15YwGLtcI8?si=VoU8RfbwRhX3KH5p\" title=\"YouTube video player\" frameborder=\"0\" allow=\"accelerometer; autoplay; clipboard-write; encrypted-media; gyroscope; picture-in-picture; web-share\" referrerpolicy=\"strict-origin-when-cross-origin\" allowfullscreen><\/iframe><\/p>\n","protected":false},"excerpt":{"rendered":"<p>A CV Interilhas anunciou o refor\u00e7o das suas viagens para a ilha do Maio na semana das celebra\u00e7\u00f5es do munic\u00edpio, previstas para 08 de Setembro. Em resposta \u00e0 elevada procura, a empresa ir\u00e1 operar duas viagens extras entre Praia e Maio nos dias 06 e 08 de Setembro, garantindo assim a presen\u00e7a de mais passageiros nas festividades.<\/p>\n","protected":false},"author":2,"featured_media":39657,"comment_status":"open","ping_status":"open","sticky":false,"template":"","format":"standard","meta":{"om_disable_all_campaigns":false,"_monsterinsights_skip_tracking":false,"_monsterinsights_sitenote_active":false,"_monsterinsights_sitenote_note":"","_monsterinsights_sitenote_category":0},"categories":[599],"tags":[586],"aioseo_notices":[],"_links":{"self":[{"href":"https:\/\/tva.cv\/index.php\/wp-json\/wp\/v2\/posts\/39656"}],"collection":[{"href":"https:\/\/tva.cv\/index.php\/wp-json\/wp\/v2\/posts"}],"about":[{"href":"https:\/\/tva.cv\/index.php\/wp-json\/wp\/v2\/types\/post"}],"author":[{"embeddable":true,"href":"https:\/\/tva.cv\/index.php\/wp-json\/wp\/v2\/users\/2"}],"replies":[{"embeddable":true,"href":"https:\/\/tva.cv\/index.php\/wp-json\/wp\/v2\/comments?post=39656"}],"version-history":[{"count":1,"href":"https:\/\/tva.cv\/index.php\/wp-json\/wp\/v2\/posts\/39656\/revisions"}],"predecessor-version":[{"id":39658,"href":"https:\/\/tva.cv\/index.php\/wp-json\/wp\/v2\/posts\/39656\/revisions\/39658"}],"wp:featuredmedia":[{"embeddable":true,"href":"https:\/\/tva.cv\/index.php\/wp-json\/wp\/v2\/media\/39657"}],"wp:attachment":[{"href":"https:\/\/tva.cv\/index.php\/wp-json\/wp\/v2\/media?parent=39656"}],"wp:term":[{"taxonomy":"category","embeddable":true,"href":"https:\/\/tva.cv\/index.php\/wp-json\/wp\/v2\/categories?post=39656"},{"taxonomy":"post_tag","embeddable":true,"href":"https:\/\/tva.cv\/index.php\/wp-json\/wp\/v2\/tags?post=39656"}],"curies":[{"name":"wp","href":"https:\/\/api.w.org\/{rel}","templated":true}]}}