{"id":39618,"date":"2024-08-14T16:37:09","date_gmt":"2024-08-14T17:37:09","guid":{"rendered":"https:\/\/tva.cv\/?p=39618"},"modified":"2024-08-14T16:37:09","modified_gmt":"2024-08-14T17:37:09","slug":"presidente-da-republica-aconselha-atletas-paralimpicos-a-representar-o-pais-com-dignidade","status":"publish","type":"post","link":"https:\/\/tva.cv\/index.php\/2024\/08\/14\/presidente-da-republica-aconselha-atletas-paralimpicos-a-representar-o-pais-com-dignidade\/","title":{"rendered":"Presidente da Rep\u00fablica aconselha atletas paral\u00edmpicos a representar o pa\u00eds com dignidade"},"content":{"rendered":"<p>O Presidente da Rep\u00fablica, Jos\u00e9 Maria Neves, recebeu hoje a delega\u00e7\u00e3o paral\u00edmpica cabo-verdiana Paris 2024, chefiada por Orlandinho Mascarenhas. A delega\u00e7\u00e3o nacional deixa o pa\u00eds na sexta-feira, 09, com destino a Fran\u00e7a, onde Cabo Verde vai competir nos 100 e 200 metros livres e no lan\u00e7amento de dardo.<br \/>\n<iframe width=\"560\" height=\"315\" src=\"https:\/\/www.youtube.com\/embed\/mvz4_y_jP7M?si=5MSGJvbWTTZ5jllq\" title=\"YouTube video player\" frameborder=\"0\" allow=\"accelerometer; autoplay; clipboard-write; encrypted-media; gyroscope; picture-in-picture; web-share\" referrerpolicy=\"strict-origin-when-cross-origin\" allowfullscreen><\/iframe><\/p>\n","protected":false},"excerpt":{"rendered":"<p>O Presidente da Rep\u00fablica, Jos\u00e9 Maria Neves, recebeu hoje a delega\u00e7\u00e3o paral\u00edmpica cabo-verdiana Paris 2024, chefiada por Orlandinho Mascarenhas. A delega\u00e7\u00e3o nacional deixa o pa\u00eds na sexta-feira, 09, com destino a Fran\u00e7a, onde Cabo Verde vai competir nos 100 e 200 metros livres e no lan\u00e7amento de dardo.<\/p>\n","protected":false},"author":2,"featured_media":39620,"comment_status":"open","ping_status":"open","sticky":false,"template":"","format":"standard","meta":{"om_disable_all_campaigns":false,"_monsterinsights_skip_tracking":false,"_monsterinsights_sitenote_active":false,"_monsterinsights_sitenote_note":"","_monsterinsights_sitenote_category":0},"categories":[566],"tags":[586],"aioseo_notices":[],"_links":{"self":[{"href":"https:\/\/tva.cv\/index.php\/wp-json\/wp\/v2\/posts\/39618"}],"collection":[{"href":"https:\/\/tva.cv\/index.php\/wp-json\/wp\/v2\/posts"}],"about":[{"href":"https:\/\/tva.cv\/index.php\/wp-json\/wp\/v2\/types\/post"}],"author":[{"embeddable":true,"href":"https:\/\/tva.cv\/index.php\/wp-json\/wp\/v2\/users\/2"}],"replies":[{"embeddable":true,"href":"https:\/\/tva.cv\/index.php\/wp-json\/wp\/v2\/comments?post=39618"}],"version-history":[{"count":1,"href":"https:\/\/tva.cv\/index.php\/wp-json\/wp\/v2\/posts\/39618\/revisions"}],"predecessor-version":[{"id":39621,"href":"https:\/\/tva.cv\/index.php\/wp-json\/wp\/v2\/posts\/39618\/revisions\/39621"}],"wp:featuredmedia":[{"embeddable":true,"href":"https:\/\/tva.cv\/index.php\/wp-json\/wp\/v2\/media\/39620"}],"wp:attachment":[{"href":"https:\/\/tva.cv\/index.php\/wp-json\/wp\/v2\/media?parent=39618"}],"wp:term":[{"taxonomy":"category","embeddable":true,"href":"https:\/\/tva.cv\/index.php\/wp-json\/wp\/v2\/categories?post=39618"},{"taxonomy":"post_tag","embeddable":true,"href":"https:\/\/tva.cv\/index.php\/wp-json\/wp\/v2\/tags?post=39618"}],"curies":[{"name":"wp","href":"https:\/\/api.w.org\/{rel}","templated":true}]}}