{"id":39517,"date":"2024-08-02T14:03:39","date_gmt":"2024-08-02T15:03:39","guid":{"rendered":"https:\/\/tva.cv\/?p=39517"},"modified":"2024-08-02T14:03:39","modified_gmt":"2024-08-02T15:03:39","slug":"servico-digital-equipa-toma-posse-hoje","status":"publish","type":"post","link":"https:\/\/tva.cv\/index.php\/2024\/08\/02\/servico-digital-equipa-toma-posse-hoje\/","title":{"rendered":"Servi\u00e7o Digital &#8211; Equipa toma posse hoje"},"content":{"rendered":"<p>Primeiro-Ministro preside cerim\u00f3nia de posse dos membros da Equipa de Servi\u00e7o Digital, que al\u00e9m da melhoria da qualidade e efici\u00eancia operacional interna da Administra\u00e7\u00e3o, tem como objetivo \u00e0 facilita\u00e7\u00e3o da reforma administrativa e institucional do Estado. O projeto tamb\u00e9m visa o enriquecimento da rela\u00e7\u00e3o com a economia e a sociedade e ao apoio direto aos objetivos das pol\u00edticas p\u00fablicas setoriais, sempre com \u00eanfase na presta\u00e7\u00e3o de servi\u00e7os p\u00fablicos digitais.<br \/>\n<iframe width=\"560\" height=\"315\" src=\"https:\/\/www.youtube.com\/embed\/x1w0w_ZtPNA?si=yTKw72kLirwtgPvg\" title=\"YouTube video player\" frameborder=\"0\" allow=\"accelerometer; autoplay; clipboard-write; encrypted-media; gyroscope; picture-in-picture; web-share\" referrerpolicy=\"strict-origin-when-cross-origin\" allowfullscreen><\/iframe><\/p>\n","protected":false},"excerpt":{"rendered":"<p>Primeiro-Ministro preside cerim\u00f3nia de posse dos membros da Equipa de Servi\u00e7o Digital, que al\u00e9m da melhoria da qualidade e efici\u00eancia operacional interna da Administra\u00e7\u00e3o, tem como objetivo \u00e0 facilita\u00e7\u00e3o da reforma administrativa e institucional do Estado. O projeto tamb\u00e9m visa o enriquecimento da rela\u00e7\u00e3o com a economia e a sociedade e ao apoio direto aos objetivos das pol\u00edticas p\u00fablicas setoriais, sempre com \u00eanfase na presta\u00e7\u00e3o de servi\u00e7os p\u00fablicos digitais.<\/p>\n","protected":false},"author":2,"featured_media":39518,"comment_status":"open","ping_status":"open","sticky":false,"template":"","format":"standard","meta":{"om_disable_all_campaigns":false,"_monsterinsights_skip_tracking":false,"_monsterinsights_sitenote_active":false,"_monsterinsights_sitenote_note":"","_monsterinsights_sitenote_category":0},"categories":[596],"tags":[586],"aioseo_notices":[],"_links":{"self":[{"href":"https:\/\/tva.cv\/index.php\/wp-json\/wp\/v2\/posts\/39517"}],"collection":[{"href":"https:\/\/tva.cv\/index.php\/wp-json\/wp\/v2\/posts"}],"about":[{"href":"https:\/\/tva.cv\/index.php\/wp-json\/wp\/v2\/types\/post"}],"author":[{"embeddable":true,"href":"https:\/\/tva.cv\/index.php\/wp-json\/wp\/v2\/users\/2"}],"replies":[{"embeddable":true,"href":"https:\/\/tva.cv\/index.php\/wp-json\/wp\/v2\/comments?post=39517"}],"version-history":[{"count":1,"href":"https:\/\/tva.cv\/index.php\/wp-json\/wp\/v2\/posts\/39517\/revisions"}],"predecessor-version":[{"id":39519,"href":"https:\/\/tva.cv\/index.php\/wp-json\/wp\/v2\/posts\/39517\/revisions\/39519"}],"wp:featuredmedia":[{"embeddable":true,"href":"https:\/\/tva.cv\/index.php\/wp-json\/wp\/v2\/media\/39518"}],"wp:attachment":[{"href":"https:\/\/tva.cv\/index.php\/wp-json\/wp\/v2\/media?parent=39517"}],"wp:term":[{"taxonomy":"category","embeddable":true,"href":"https:\/\/tva.cv\/index.php\/wp-json\/wp\/v2\/categories?post=39517"},{"taxonomy":"post_tag","embeddable":true,"href":"https:\/\/tva.cv\/index.php\/wp-json\/wp\/v2\/tags?post=39517"}],"curies":[{"name":"wp","href":"https:\/\/api.w.org\/{rel}","templated":true}]}}