{"id":39321,"date":"2024-07-19T19:38:56","date_gmt":"2024-07-19T20:38:56","guid":{"rendered":"https:\/\/tva.cv\/?p=39321"},"modified":"2024-07-19T19:38:56","modified_gmt":"2024-07-19T20:38:56","slug":"advogado-e-antigo-deputado-amadeu-oliveira-completa-hoje-tres-anos-de-reclusao","status":"publish","type":"post","link":"https:\/\/tva.cv\/index.php\/2024\/07\/19\/advogado-e-antigo-deputado-amadeu-oliveira-completa-hoje-tres-anos-de-reclusao\/","title":{"rendered":"Advogado e antigo deputado Amadeu Oliveira completa hoje tr\u00eas anos de reclus\u00e3o"},"content":{"rendered":"<p>O advogado e antigo deputado Amadeu Oliveira completou neste dia 18 de julho, tr\u00eas anos de reclus\u00e3o, ap\u00f3s ser detido por mandado judicial emitido pela Procuradoria-Geral da Rep\u00fablica. Amadeu Oliveira foi detido por ind\u00edcios da pr\u00e1tica de um crime de atentado contra o Estado de Direito, da qual foi julgado e condenado a uma pena \u00fanica de sete anos de pris\u00e3o efetiva, perda do mandato de deputado e proibi\u00e7\u00e3o de se candidatar a qualquer cargo p\u00fablico por um per\u00edodo de quatro anos, ap\u00f3s cumprir a pena de pris\u00e3o.<br \/>\n<iframe width=\"560\" height=\"315\" src=\"https:\/\/www.youtube.com\/embed\/icFwY7i8MW8?si=iJfwT09OirKdsW3H\" title=\"YouTube video player\" frameborder=\"0\" allow=\"accelerometer; autoplay; clipboard-write; encrypted-media; gyroscope; picture-in-picture; web-share\" referrerpolicy=\"strict-origin-when-cross-origin\" allowfullscreen><\/iframe><\/p>\n","protected":false},"excerpt":{"rendered":"<p>O advogado e antigo deputado Amadeu Oliveira completou neste dia 18 de julho, tr\u00eas anos de reclus\u00e3o, ap\u00f3s ser detido por mandado judicial emitido pela Procuradoria-Geral da Rep\u00fablica. Amadeu Oliveira foi detido por ind\u00edcios da pr\u00e1tica de um crime de atentado contra o Estado de Direito, da qual foi julgado e condenado a uma pena \u00fanica de sete anos de pris\u00e3o efetiva, perda do mandato de deputado e proibi\u00e7\u00e3o de se candidatar a qualquer cargo p\u00fablico por um per\u00edodo de quatro anos, ap\u00f3s cumprir a pena de pris\u00e3o.<\/p>\n","protected":false},"author":2,"featured_media":39322,"comment_status":"open","ping_status":"open","sticky":false,"template":"","format":"standard","meta":{"om_disable_all_campaigns":false,"_monsterinsights_skip_tracking":false,"_monsterinsights_sitenote_active":false,"_monsterinsights_sitenote_note":"","_monsterinsights_sitenote_category":0},"categories":[587],"tags":[586],"aioseo_notices":[],"_links":{"self":[{"href":"https:\/\/tva.cv\/index.php\/wp-json\/wp\/v2\/posts\/39321"}],"collection":[{"href":"https:\/\/tva.cv\/index.php\/wp-json\/wp\/v2\/posts"}],"about":[{"href":"https:\/\/tva.cv\/index.php\/wp-json\/wp\/v2\/types\/post"}],"author":[{"embeddable":true,"href":"https:\/\/tva.cv\/index.php\/wp-json\/wp\/v2\/users\/2"}],"replies":[{"embeddable":true,"href":"https:\/\/tva.cv\/index.php\/wp-json\/wp\/v2\/comments?post=39321"}],"version-history":[{"count":1,"href":"https:\/\/tva.cv\/index.php\/wp-json\/wp\/v2\/posts\/39321\/revisions"}],"predecessor-version":[{"id":39323,"href":"https:\/\/tva.cv\/index.php\/wp-json\/wp\/v2\/posts\/39321\/revisions\/39323"}],"wp:featuredmedia":[{"embeddable":true,"href":"https:\/\/tva.cv\/index.php\/wp-json\/wp\/v2\/media\/39322"}],"wp:attachment":[{"href":"https:\/\/tva.cv\/index.php\/wp-json\/wp\/v2\/media?parent=39321"}],"wp:term":[{"taxonomy":"category","embeddable":true,"href":"https:\/\/tva.cv\/index.php\/wp-json\/wp\/v2\/categories?post=39321"},{"taxonomy":"post_tag","embeddable":true,"href":"https:\/\/tva.cv\/index.php\/wp-json\/wp\/v2\/tags?post=39321"}],"curies":[{"name":"wp","href":"https:\/\/api.w.org\/{rel}","templated":true}]}}