{"id":38568,"date":"2022-12-12T15:18:55","date_gmt":"2022-12-12T16:18:55","guid":{"rendered":"https:\/\/tva.cv\/?p=38568"},"modified":"2022-12-16T11:03:42","modified_gmt":"2022-12-16T12:03:42","slug":"cobertura-a-populacao-cabo-verdiana-pelos-sistemas-de-saude-ronda-os-69","status":"publish","type":"post","link":"https:\/\/tva.cv\/index.php\/2022\/12\/12\/cobertura-a-populacao-cabo-verdiana-pelos-sistemas-de-saude-ronda-os-69\/","title":{"rendered":"Cobertura \u00e0 popula\u00e7\u00e3o cabo-verdiana pelos Sistemas de Sa\u00fade ronda os 69%"},"content":{"rendered":"<p><iframe style=\"border: none; overflow: hidden; display: block; margin: 0 auto;\" src=\"https:\/\/riftplay.tv\/site\/tva-iframe?vimeo=780417793\" width=\"560\" height=\"314\" frameborder=\"0\" scrolling=\"no\" allowfullscreen=\"allowfullscreen\"><span style=\"display: inline-block; width: 0px; overflow: hidden; line-height: 0;\" data-mce-type=\"bookmark\" class=\"mce_SELRES_start\">\ufeff<\/span><\/iframe><br \/>\nCerca de sessenta e nove por cento da popula\u00e7\u00e3o cabo-verdiana tem acesso aos servi\u00e7os p\u00fablicos de sa\u00fade. Um n\u00famero que coloca Cabo Verde abaixo dos pa\u00edses como Arg\u00e9lia, L\u00edbia e Seychelles na rota da Cobertura Universal da Sa\u00fade.<\/p>\n","protected":false},"excerpt":{"rendered":"<p>\ufeff Cerca de sessenta e nove por cento da popula\u00e7\u00e3o cabo-verdiana tem acesso aos servi\u00e7os p\u00fablicos de sa\u00fade. Um n\u00famero que coloca Cabo Verde abaixo dos pa\u00edses como Arg\u00e9lia, L\u00edbia e Seychelles na rota da Cobertura Universal da Sa\u00fade.<\/p>\n","protected":false},"author":13,"featured_media":37862,"comment_status":"open","ping_status":"open","sticky":false,"template":"","format":"standard","meta":{"om_disable_all_campaigns":false,"_monsterinsights_skip_tracking":false,"_monsterinsights_sitenote_active":false,"_monsterinsights_sitenote_note":"","_monsterinsights_sitenote_category":0},"categories":[560],"tags":[],"aioseo_notices":[],"_links":{"self":[{"href":"https:\/\/tva.cv\/index.php\/wp-json\/wp\/v2\/posts\/38568"}],"collection":[{"href":"https:\/\/tva.cv\/index.php\/wp-json\/wp\/v2\/posts"}],"about":[{"href":"https:\/\/tva.cv\/index.php\/wp-json\/wp\/v2\/types\/post"}],"author":[{"embeddable":true,"href":"https:\/\/tva.cv\/index.php\/wp-json\/wp\/v2\/users\/13"}],"replies":[{"embeddable":true,"href":"https:\/\/tva.cv\/index.php\/wp-json\/wp\/v2\/comments?post=38568"}],"version-history":[{"count":1,"href":"https:\/\/tva.cv\/index.php\/wp-json\/wp\/v2\/posts\/38568\/revisions"}],"predecessor-version":[{"id":38569,"href":"https:\/\/tva.cv\/index.php\/wp-json\/wp\/v2\/posts\/38568\/revisions\/38569"}],"wp:featuredmedia":[{"embeddable":true,"href":"https:\/\/tva.cv\/index.php\/wp-json\/wp\/v2\/media\/37862"}],"wp:attachment":[{"href":"https:\/\/tva.cv\/index.php\/wp-json\/wp\/v2\/media?parent=38568"}],"wp:term":[{"taxonomy":"category","embeddable":true,"href":"https:\/\/tva.cv\/index.php\/wp-json\/wp\/v2\/categories?post=38568"},{"taxonomy":"post_tag","embeddable":true,"href":"https:\/\/tva.cv\/index.php\/wp-json\/wp\/v2\/tags?post=38568"}],"curies":[{"name":"wp","href":"https:\/\/api.w.org\/{rel}","templated":true}]}}