{"id":38361,"date":"2022-10-02T15:19:31","date_gmt":"2022-10-02T16:19:31","guid":{"rendered":"https:\/\/tva.cv\/?p=38361"},"modified":"2022-11-16T15:41:36","modified_gmt":"2022-11-16T16:41:36","slug":"dynamo-e-figura-de-destaque-na-xi-edicao-dos-cvma-com-a-musica-primavera","status":"publish","type":"post","link":"https:\/\/tva.cv\/index.php\/2022\/10\/02\/dynamo-e-figura-de-destaque-na-xi-edicao-dos-cvma-com-a-musica-primavera\/","title":{"rendered":"Dynamo \u00e9 figura de destaque na XI edi\u00e7\u00e3o dos CVMA com a m\u00fasica Primavera"},"content":{"rendered":"<p><strong>Dynamo foi a figura de destaque da XI edi\u00e7\u00e3o dos Cabo Verde Music Awards, a vencer tr\u00eas galard\u00f5es, com maior evid\u00eancia para a conquista do principal pr\u00e9mio, o de m\u00fasica popular do ano. O m\u00fasico salense brilhou com a can\u00e7\u00e3o, Primavera, tendo ainda, ganho o pr\u00e9mio de melhor Kizomba, tamb\u00e9m com esta m\u00fasica, e repartiu o de melhor colabora\u00e7\u00e3o com William Ara\u00fajo e Djodje, com a interpreta\u00e7\u00e3o de \u201cSuleban\u201d, bem como o do melhor produtor com Cl\u00e1udio Ramos, com a m\u00fasica Primavera.<\/strong><\/p>\n<p>A noite de celebra\u00e7\u00e3o da m\u00fasica foi realizada no largo do Memorial Am\u00edlcar Cabral e homenageou o malogrado artista Antero Simas com o pr\u00e9mio carreira. E foi num momente sublime nas vozes M\u00e1rio Marta, Diva Barros, Nancy Vieira e Neusa de Pina, que se viveu o melhor momento da noite, quanto estes interpretaram, a can\u00e7\u00e3o, Doce Guerra, um \u00edcone da m\u00fasica nacional da autoria de Antero Simas. <\/p>\n<p>Quanto \u00e0 premia\u00e7\u00e3o, o jovem Edwin Vibez foi galardoado com o pr\u00e9mio revela\u00e7\u00e3o, June Freedom venceu nas categorias de melhor ritmo internacional e melhor interprete masculino. A cantora foguense Neusa de Pina foi distiguida com o pr\u00e9mio ac\u00e7\u00e3o social, pelo trabalho solid\u00e1rio que vem realizando em prol de pessoas v\u00edtimas de c\u00e2ncer, promo\u00e7\u00e3o do empoderamento feminino e luta contra \u00e0 VBG e o abuso sexual de menores.<\/p>\n<p>Soraia de Deus, directora de Comunica\u00e7\u00e3o dos CVMA, fez um balan\u00e7o \u201cpositivo\u201d do evento, \u201cn\u00e3o obstante ao apag\u00e3o de cerca de 30 minutos devido a um curto-circuito, e que foi prontamente resolvido, e tal situa\u00e7\u00e3o, n\u00e3o ofuscou o brilho e a luz da m\u00fasica de Cabo Verde\u201d. <\/p>\n<p><strong><br \/>\nLista do premiados<\/strong><\/p>\n<p>M\u00fasica Popular do Ano<br \/>\nDynamo, \u201cPrimavera\u201d<br \/>\nMelhor Produtor<br \/>\nCl\u00e1udio Ramos, \u201cPrimavera\u201d<br \/>\nMelhor Beatmaker<br \/>\nPlatini Beatz, \u201cKu Bo Te Fim<br \/>\nMelhor Videoclipe<br \/>\nDieg \u201cMununo\u201d<\/p>\n<p>Pr\u00e9mio Ac\u00e7\u00e3o Social<br \/>\nNeusa de Pina<br \/>\nArtista Revela\u00e7\u00e3o<br \/>\nEdwin Vibez<br \/>\nMelhor Funana<br \/>\nM\u00e1rio Marta, \u201cEs Ka Ta Reia<br \/>\nMelhor Coladeira<br \/>\nDiva Barros, \u201cBo Mist\u00ear\u201d<br \/>\nMelhor Colabora\u00e7\u00e3o<br \/>\nWilliam Araujo, Djodje, Dynamo,\u201dSuleban\u201d<br \/>\nMelhor M\u00fasica Tradicional<br \/>\nDino D\u2019Santiago, \u201cVoei de Mim\u201d<br \/>\nMelhor Morna<br \/>\nNancy Vieira, \u201cSabu\u201d<br \/>\nMelhor Hip Hop<br \/>\nRapaz 100 Juiz feat Fatt\u00fa Djakit\u00e9, \u201cStrada<br \/>\nMelhor Afrobeats\/Afrohouse<br \/>\nYuranBeatz, \u201cNa Mei\u201d<br \/>\nMelhor Ritmo Internacional<br \/>\nJune Freedom, \u201cAndr\u00e9ia\u201d<br \/>\nMelhor Kizomba<br \/>\nDynamo, \u201cPrimavera\u201d<\/p>\n<p>Melhor Interprete Feminino<br \/>\nNenny, \u201cTequila\u201d<br \/>\nMelhor Interprete Masculino<br \/>\nJune Freedom, \u201cAndr\u00e9ia\u201d<br \/>\nAlb\u00fam do Ano<br \/>\nBatchart, \u201cResiliente\u201d<\/p>\n","protected":false},"excerpt":{"rendered":"<p>Dynamo foi a figura de destaque da XI edi\u00e7\u00e3o dos Cabo Verde Music Awards, a vencer tr\u00eas galard\u00f5es, com maior evid\u00eancia para a conquista do principal pr\u00e9mio, o de m\u00fasica popular do ano. O m\u00fasico salense brilhou com a can\u00e7\u00e3o, Primavera, tendo ainda, ganho o pr\u00e9mio de melhor Kizomba, tamb\u00e9m com esta m\u00fasica, e repartiu o de melhor colabora\u00e7\u00e3o com William Ara\u00fajo e Djodje, com a interpreta\u00e7\u00e3o de \u201cSuleban\u201d, bem como o do melhor produtor com Cl\u00e1udio Ramos, com a m\u00fasica Primavera. A noite de celebra\u00e7\u00e3o da m\u00fasica foi realizada no largo do Memorial Am\u00edlcar Cabral e homenageou o malogrado [&hellip;]<\/p>\n","protected":false},"author":14,"featured_media":38362,"comment_status":"open","ping_status":"open","sticky":false,"template":"","format":"standard","meta":{"om_disable_all_campaigns":false,"_monsterinsights_skip_tracking":false,"_monsterinsights_sitenote_active":false,"_monsterinsights_sitenote_note":"","_monsterinsights_sitenote_category":0},"categories":[562],"tags":[],"aioseo_notices":[],"_links":{"self":[{"href":"https:\/\/tva.cv\/index.php\/wp-json\/wp\/v2\/posts\/38361"}],"collection":[{"href":"https:\/\/tva.cv\/index.php\/wp-json\/wp\/v2\/posts"}],"about":[{"href":"https:\/\/tva.cv\/index.php\/wp-json\/wp\/v2\/types\/post"}],"author":[{"embeddable":true,"href":"https:\/\/tva.cv\/index.php\/wp-json\/wp\/v2\/users\/14"}],"replies":[{"embeddable":true,"href":"https:\/\/tva.cv\/index.php\/wp-json\/wp\/v2\/comments?post=38361"}],"version-history":[{"count":2,"href":"https:\/\/tva.cv\/index.php\/wp-json\/wp\/v2\/posts\/38361\/revisions"}],"predecessor-version":[{"id":38364,"href":"https:\/\/tva.cv\/index.php\/wp-json\/wp\/v2\/posts\/38361\/revisions\/38364"}],"wp:featuredmedia":[{"embeddable":true,"href":"https:\/\/tva.cv\/index.php\/wp-json\/wp\/v2\/media\/38362"}],"wp:attachment":[{"href":"https:\/\/tva.cv\/index.php\/wp-json\/wp\/v2\/media?parent=38361"}],"wp:term":[{"taxonomy":"category","embeddable":true,"href":"https:\/\/tva.cv\/index.php\/wp-json\/wp\/v2\/categories?post=38361"},{"taxonomy":"post_tag","embeddable":true,"href":"https:\/\/tva.cv\/index.php\/wp-json\/wp\/v2\/tags?post=38361"}],"curies":[{"name":"wp","href":"https:\/\/api.w.org\/{rel}","templated":true}]}}