{"id":38268,"date":"2022-08-29T18:55:59","date_gmt":"2022-08-29T19:55:59","guid":{"rendered":"https:\/\/tva.cv\/?p=38268"},"modified":"2022-11-16T15:58:48","modified_gmt":"2022-11-16T16:58:48","slug":"julgamento-de-amadeu-oliveira-arrancou-no-mindelo","status":"publish","type":"post","link":"https:\/\/tva.cv\/index.php\/2022\/08\/29\/julgamento-de-amadeu-oliveira-arrancou-no-mindelo\/","title":{"rendered":"Julgamento de Amadeu Oliveira arrancou no Mindelo"},"content":{"rendered":"<p><iframe style=\"border: none; overflow: hidden; display: block; margin: 0 auto;\" src=\"https:\/\/riftplay.tv\/site\/tva-iframe?vimeo=744589720\" width=\"560\" height=\"314\" frameborder=\"0\" scrolling=\"no\" allowfullscreen=\"allowfullscreen\"><span style=\"display: inline-block; width: 0px; overflow: hidden; line-height: 0;\" data-mce-type=\"bookmark\" class=\"mce_SELRES_start\">\ufeff<\/span><\/iframe><\/p>\n<p>Com um aparato policial bastante vis\u00edvel, um  forte interesse e aflu\u00eancia do p\u00fablico e um mediatismo que j\u00e1 se esperava, come\u00e7ou esta segunda feira, no Tribunal da Rela\u00e7\u00e3o de Barlavento, o julgamento do advogado e antigo deputado, Amadeu Oliveira. A audi\u00eancia est\u00e1 a decorrer numa sala do Tribunal da Comarca de S\u00e3o Vicente.<\/p>\n","protected":false},"excerpt":{"rendered":"<p>\ufeff Com um aparato policial bastante vis\u00edvel, um forte interesse e aflu\u00eancia do p\u00fablico e um mediatismo que j\u00e1 se esperava, come\u00e7ou esta segunda feira, no Tribunal da Rela\u00e7\u00e3o de Barlavento, o julgamento do advogado e antigo deputado, Amadeu Oliveira. A audi\u00eancia est\u00e1 a decorrer numa sala do Tribunal da Comarca de S\u00e3o Vicente.<\/p>\n","protected":false},"author":14,"featured_media":38269,"comment_status":"open","ping_status":"open","sticky":false,"template":"","format":"standard","meta":{"om_disable_all_campaigns":false,"_monsterinsights_skip_tracking":false,"_monsterinsights_sitenote_active":false,"_monsterinsights_sitenote_note":"","_monsterinsights_sitenote_category":0},"categories":[587],"tags":[],"aioseo_notices":[],"_links":{"self":[{"href":"https:\/\/tva.cv\/index.php\/wp-json\/wp\/v2\/posts\/38268"}],"collection":[{"href":"https:\/\/tva.cv\/index.php\/wp-json\/wp\/v2\/posts"}],"about":[{"href":"https:\/\/tva.cv\/index.php\/wp-json\/wp\/v2\/types\/post"}],"author":[{"embeddable":true,"href":"https:\/\/tva.cv\/index.php\/wp-json\/wp\/v2\/users\/14"}],"replies":[{"embeddable":true,"href":"https:\/\/tva.cv\/index.php\/wp-json\/wp\/v2\/comments?post=38268"}],"version-history":[{"count":5,"href":"https:\/\/tva.cv\/index.php\/wp-json\/wp\/v2\/posts\/38268\/revisions"}],"predecessor-version":[{"id":38281,"href":"https:\/\/tva.cv\/index.php\/wp-json\/wp\/v2\/posts\/38268\/revisions\/38281"}],"wp:featuredmedia":[{"embeddable":true,"href":"https:\/\/tva.cv\/index.php\/wp-json\/wp\/v2\/media\/38269"}],"wp:attachment":[{"href":"https:\/\/tva.cv\/index.php\/wp-json\/wp\/v2\/media?parent=38268"}],"wp:term":[{"taxonomy":"category","embeddable":true,"href":"https:\/\/tva.cv\/index.php\/wp-json\/wp\/v2\/categories?post=38268"},{"taxonomy":"post_tag","embeddable":true,"href":"https:\/\/tva.cv\/index.php\/wp-json\/wp\/v2\/tags?post=38268"}],"curies":[{"name":"wp","href":"https:\/\/api.w.org\/{rel}","templated":true}]}}