{"id":38180,"date":"2022-08-08T17:12:19","date_gmt":"2022-08-08T18:12:19","guid":{"rendered":"https:\/\/tva.cv\/?p=38180"},"modified":"2022-08-16T15:10:45","modified_gmt":"2022-08-16T16:10:45","slug":"tribunal-de-contas-faz-sensibilizacao-em-igualdade-e-equidade-de-genero","status":"publish","type":"post","link":"https:\/\/tva.cv\/index.php\/2022\/08\/08\/tribunal-de-contas-faz-sensibilizacao-em-igualdade-e-equidade-de-genero\/","title":{"rendered":"Tribunal de Contas faz sensibiliza\u00e7\u00e3o em Igualdade e equidade de G\u00eanero"},"content":{"rendered":"<p><iframe style=\"border: none; overflow: hidden; display: block; margin: 0 auto;\" src=\"https:\/\/riftplay.tv\/site\/tva-iframe?vimeo=737639123\" width=\"560\" height=\"314\" frameborder=\"0\" scrolling=\"no\" allowfullscreen=\"allowfullscreen\"><span style=\"display: inline-block; width: 0px; overflow: hidden; line-height: 0;\" data-mce-type=\"bookmark\" class=\"mce_SELRES_start\">\ufeff<\/span><\/iframe><br \/>\nO Tribunal de Contas organizou esta segunda-feira, na Cidade da Praia, um workshop de sensibiliza\u00e7\u00e3o dos pontos focais de g\u00e9nero e mulheres nas dire\u00e7\u00f5es das Institui\u00e7\u00f5es Superiores de Controlo das Finan\u00e7as P\u00fablicas da \u00c1frica franc\u00f3fona subsariana. A abertura foi presidida pelo Ministro da Fam\u00edlia, Inclus\u00e3o e Desenvolvimento Social.<\/p>\n","protected":false},"excerpt":{"rendered":"<p>\ufeff O Tribunal de Contas organizou esta segunda-feira, na Cidade da Praia, um workshop de sensibiliza\u00e7\u00e3o dos pontos focais de g\u00e9nero e mulheres nas dire\u00e7\u00f5es das Institui\u00e7\u00f5es Superiores de Controlo das Finan\u00e7as P\u00fablicas da \u00c1frica franc\u00f3fona subsariana. A abertura foi presidida pelo Ministro da Fam\u00edlia, Inclus\u00e3o e Desenvolvimento Social.<\/p>\n","protected":false},"author":13,"featured_media":38181,"comment_status":"open","ping_status":"open","sticky":false,"template":"","format":"standard","meta":{"om_disable_all_campaigns":false,"_monsterinsights_skip_tracking":false,"_monsterinsights_sitenote_active":false,"_monsterinsights_sitenote_note":"","_monsterinsights_sitenote_category":0},"categories":[587],"tags":[],"aioseo_notices":[],"_links":{"self":[{"href":"https:\/\/tva.cv\/index.php\/wp-json\/wp\/v2\/posts\/38180"}],"collection":[{"href":"https:\/\/tva.cv\/index.php\/wp-json\/wp\/v2\/posts"}],"about":[{"href":"https:\/\/tva.cv\/index.php\/wp-json\/wp\/v2\/types\/post"}],"author":[{"embeddable":true,"href":"https:\/\/tva.cv\/index.php\/wp-json\/wp\/v2\/users\/13"}],"replies":[{"embeddable":true,"href":"https:\/\/tva.cv\/index.php\/wp-json\/wp\/v2\/comments?post=38180"}],"version-history":[{"count":1,"href":"https:\/\/tva.cv\/index.php\/wp-json\/wp\/v2\/posts\/38180\/revisions"}],"predecessor-version":[{"id":38182,"href":"https:\/\/tva.cv\/index.php\/wp-json\/wp\/v2\/posts\/38180\/revisions\/38182"}],"wp:featuredmedia":[{"embeddable":true,"href":"https:\/\/tva.cv\/index.php\/wp-json\/wp\/v2\/media\/38181"}],"wp:attachment":[{"href":"https:\/\/tva.cv\/index.php\/wp-json\/wp\/v2\/media?parent=38180"}],"wp:term":[{"taxonomy":"category","embeddable":true,"href":"https:\/\/tva.cv\/index.php\/wp-json\/wp\/v2\/categories?post=38180"},{"taxonomy":"post_tag","embeddable":true,"href":"https:\/\/tva.cv\/index.php\/wp-json\/wp\/v2\/tags?post=38180"}],"curies":[{"name":"wp","href":"https:\/\/api.w.org\/{rel}","templated":true}]}}