{"id":38115,"date":"2022-07-28T17:48:38","date_gmt":"2022-07-28T18:48:38","guid":{"rendered":"https:\/\/tva.cv\/?p=38115"},"modified":"2022-08-02T12:24:14","modified_gmt":"2022-08-02T13:24:14","slug":"parlamento-levanta-mandato-e-amadeu-oliveira-vai-continuar-preso","status":"publish","type":"post","link":"https:\/\/tva.cv\/index.php\/2022\/07\/28\/parlamento-levanta-mandato-e-amadeu-oliveira-vai-continuar-preso\/","title":{"rendered":"Parlamento levanta mandato e Amadeu Oliveira vai continuar preso"},"content":{"rendered":"<p><iframe style=\"border: none; overflow: hidden; display: block; margin: 0 auto;\" src=\"https:\/\/riftplay.tv\/site\/tva-iframe?vimeo=734466870\" width=\"560\" height=\"314\" frameborder=\"0\" scrolling=\"no\" allowfullscreen=\"allowfullscreen\"><span style=\"display: inline-block; width: 0px; overflow: hidden; line-height: 0;\" data-mce-type=\"bookmark\" class=\"mce_SELRES_start\">\ufeff<\/span><\/iframe><\/p>\n<p>O Parlamento cabo-verdiano decidiu esta quinta-feira que Amadeu Oliveira vai continuar em pris\u00e3o preventiva. N\u00e3o era esta, evidentemente, a mat\u00e9ria em discuss\u00e3o na Assembleia Nacional quando os deputados foram chamados a votar um pedido de suspens\u00e3o do mandato do advogado e antigo representante da UCID na Assembleia Nacional, mas \u00e9 esse o desfecho real do processo.<\/p>\n","protected":false},"excerpt":{"rendered":"<p>\ufeff O Parlamento cabo-verdiano decidiu esta quinta-feira que Amadeu Oliveira vai continuar em pris\u00e3o preventiva. N\u00e3o era esta, evidentemente, a mat\u00e9ria em discuss\u00e3o na Assembleia Nacional quando os deputados foram chamados a votar um pedido de suspens\u00e3o do mandato do advogado e antigo representante da UCID na Assembleia Nacional, mas \u00e9 esse o desfecho real do processo.<\/p>\n","protected":false},"author":2,"featured_media":38116,"comment_status":"open","ping_status":"open","sticky":false,"template":"","format":"standard","meta":{"om_disable_all_campaigns":false,"_monsterinsights_skip_tracking":false,"_monsterinsights_sitenote_active":false,"_monsterinsights_sitenote_note":"","_monsterinsights_sitenote_category":0},"categories":[557],"tags":[],"aioseo_notices":[],"_links":{"self":[{"href":"https:\/\/tva.cv\/index.php\/wp-json\/wp\/v2\/posts\/38115"}],"collection":[{"href":"https:\/\/tva.cv\/index.php\/wp-json\/wp\/v2\/posts"}],"about":[{"href":"https:\/\/tva.cv\/index.php\/wp-json\/wp\/v2\/types\/post"}],"author":[{"embeddable":true,"href":"https:\/\/tva.cv\/index.php\/wp-json\/wp\/v2\/users\/2"}],"replies":[{"embeddable":true,"href":"https:\/\/tva.cv\/index.php\/wp-json\/wp\/v2\/comments?post=38115"}],"version-history":[{"count":1,"href":"https:\/\/tva.cv\/index.php\/wp-json\/wp\/v2\/posts\/38115\/revisions"}],"predecessor-version":[{"id":38117,"href":"https:\/\/tva.cv\/index.php\/wp-json\/wp\/v2\/posts\/38115\/revisions\/38117"}],"wp:featuredmedia":[{"embeddable":true,"href":"https:\/\/tva.cv\/index.php\/wp-json\/wp\/v2\/media\/38116"}],"wp:attachment":[{"href":"https:\/\/tva.cv\/index.php\/wp-json\/wp\/v2\/media?parent=38115"}],"wp:term":[{"taxonomy":"category","embeddable":true,"href":"https:\/\/tva.cv\/index.php\/wp-json\/wp\/v2\/categories?post=38115"},{"taxonomy":"post_tag","embeddable":true,"href":"https:\/\/tva.cv\/index.php\/wp-json\/wp\/v2\/tags?post=38115"}],"curies":[{"name":"wp","href":"https:\/\/api.w.org\/{rel}","templated":true}]}}