{"id":38105,"date":"2022-07-28T10:21:40","date_gmt":"2022-07-28T11:21:40","guid":{"rendered":"https:\/\/tva.cv\/?p=38105"},"modified":"2022-08-02T12:22:50","modified_gmt":"2022-08-02T13:22:50","slug":"seleccao-nacional-de-andebol-condecorada-com-medalha-de-merito-desportivo","status":"publish","type":"post","link":"https:\/\/tva.cv\/index.php\/2022\/07\/28\/seleccao-nacional-de-andebol-condecorada-com-medalha-de-merito-desportivo\/","title":{"rendered":"Selec\u00e7\u00e3o Nacional de andebol condecorada com Medalha de M\u00e9rito Desportivo"},"content":{"rendered":"<p><iframe style=\"border: none; overflow: hidden; display: block; margin: 0 auto;\" src=\"https:\/\/riftplay.tv\/site\/tva-iframe?vimeo=734325556\" width=\"560\" height=\"314\" frameborder=\"0\" scrolling=\"no\" allowfullscreen=\"allowfullscreen\"><span style=\"display: inline-block; width: 0px; overflow: hidden; line-height: 0;\" data-mce-type=\"bookmark\" class=\"mce_SELRES_start\">\ufeff<\/span><\/iframe><\/p>\n<p>O Governo condecorou a selec\u00e7\u00e3o cabo-verdiana de andebol, s\u00e9nior masculina com o primeiro grau da Medalha de M\u00e9rito Desportivo. O Primeiro Ministro justificou a atribui\u00e7\u00e3o desse galard\u00e3o aos jogadores, aos membros t\u00e9cnicos, e dirigentes da Federa\u00e7\u00e3o que gere a modalidade no pa\u00eds, como um acto de reconhecimento pelo seu contributo ao desporto nacional, e tamb\u00e9m pelos feitos hist\u00f3ricos alcan\u00e7ados, como vice-campe\u00e3o de \u00c1frica e o apuramento pela segunda vez ao Mundial de Andebol.<\/p>\n","protected":false},"excerpt":{"rendered":"<p>\ufeff O Governo condecorou a selec\u00e7\u00e3o cabo-verdiana de andebol, s\u00e9nior masculina com o primeiro grau da Medalha de M\u00e9rito Desportivo. O Primeiro Ministro justificou a atribui\u00e7\u00e3o desse galard\u00e3o aos jogadores, aos membros t\u00e9cnicos, e dirigentes da Federa\u00e7\u00e3o que gere a modalidade no pa\u00eds, como um acto de reconhecimento pelo seu contributo ao desporto nacional, e tamb\u00e9m pelos feitos hist\u00f3ricos alcan\u00e7ados, como vice-campe\u00e3o de \u00c1frica e o apuramento pela segunda vez ao Mundial de Andebol.<\/p>\n","protected":false},"author":14,"featured_media":38101,"comment_status":"open","ping_status":"open","sticky":false,"template":"","format":"standard","meta":{"om_disable_all_campaigns":false,"_monsterinsights_skip_tracking":false,"_monsterinsights_sitenote_active":false,"_monsterinsights_sitenote_note":"","_monsterinsights_sitenote_category":0},"categories":[566],"tags":[],"aioseo_notices":[],"_links":{"self":[{"href":"https:\/\/tva.cv\/index.php\/wp-json\/wp\/v2\/posts\/38105"}],"collection":[{"href":"https:\/\/tva.cv\/index.php\/wp-json\/wp\/v2\/posts"}],"about":[{"href":"https:\/\/tva.cv\/index.php\/wp-json\/wp\/v2\/types\/post"}],"author":[{"embeddable":true,"href":"https:\/\/tva.cv\/index.php\/wp-json\/wp\/v2\/users\/14"}],"replies":[{"embeddable":true,"href":"https:\/\/tva.cv\/index.php\/wp-json\/wp\/v2\/comments?post=38105"}],"version-history":[{"count":2,"href":"https:\/\/tva.cv\/index.php\/wp-json\/wp\/v2\/posts\/38105\/revisions"}],"predecessor-version":[{"id":38107,"href":"https:\/\/tva.cv\/index.php\/wp-json\/wp\/v2\/posts\/38105\/revisions\/38107"}],"wp:featuredmedia":[{"embeddable":true,"href":"https:\/\/tva.cv\/index.php\/wp-json\/wp\/v2\/media\/38101"}],"wp:attachment":[{"href":"https:\/\/tva.cv\/index.php\/wp-json\/wp\/v2\/media?parent=38105"}],"wp:term":[{"taxonomy":"category","embeddable":true,"href":"https:\/\/tva.cv\/index.php\/wp-json\/wp\/v2\/categories?post=38105"},{"taxonomy":"post_tag","embeddable":true,"href":"https:\/\/tva.cv\/index.php\/wp-json\/wp\/v2\/tags?post=38105"}],"curies":[{"name":"wp","href":"https:\/\/api.w.org\/{rel}","templated":true}]}}