{"id":38050,"date":"2022-07-20T15:26:50","date_gmt":"2022-07-20T16:26:50","guid":{"rendered":"https:\/\/tva.cv\/?p=38050"},"modified":"2022-07-22T11:05:16","modified_gmt":"2022-07-22T12:05:16","slug":"direccao-geral-dos-transportes-rodoviarios-inaugura-nova-sede-nacional","status":"publish","type":"post","link":"https:\/\/tva.cv\/index.php\/2022\/07\/20\/direccao-geral-dos-transportes-rodoviarios-inaugura-nova-sede-nacional\/","title":{"rendered":"Direc\u00e7\u00e3o Geral dos Transportes Rodovi\u00e1rios inaugura nova sede nacional"},"content":{"rendered":"<p><iframe style=\"border: none; overflow: hidden; display: block; margin: 0 auto;\" src=\"https:\/\/riftplay.tv\/site\/tva-iframe?vimeo=731798228\" width=\"560\" height=\"314\" frameborder=\"0\" scrolling=\"no\" allowfullscreen=\"allowfullscreen\"><span style=\"display: inline-block; width: 0px; overflow: hidden; line-height: 0;\" data-mce-type=\"bookmark\" class=\"mce_SELRES_start\">\ufeff<\/span><\/iframe><br \/>\nO Governo procedeu a inaugura\u00e7\u00e3o da nova sede da Dire\u00e7\u00e3o Geral dos Transportes Rodovi\u00e1rios, no bairro de Cidadela na cidade da Praia. Para o Ministro da Administra\u00e7\u00e3o Interna, a nova infra estrutura se insere num quadro de pol\u00edticas implementadas pelo Executivo, que visam modernizar os servi\u00e7os de regula\u00e7\u00e3o e fiscaliza\u00e7\u00e3o dos transportes rodovi\u00e1rios em Cabo Verde.<\/p>\n","protected":false},"excerpt":{"rendered":"<p>\ufeff O Governo procedeu a inaugura\u00e7\u00e3o da nova sede da Dire\u00e7\u00e3o Geral dos Transportes Rodovi\u00e1rios, no bairro de Cidadela na cidade da Praia. Para o Ministro da Administra\u00e7\u00e3o Interna, a nova infra estrutura se insere num quadro de pol\u00edticas implementadas pelo Executivo, que visam modernizar os servi\u00e7os de regula\u00e7\u00e3o e fiscaliza\u00e7\u00e3o dos transportes rodovi\u00e1rios em Cabo Verde.<\/p>\n","protected":false},"author":13,"featured_media":38051,"comment_status":"open","ping_status":"open","sticky":false,"template":"","format":"standard","meta":{"om_disable_all_campaigns":false,"_monsterinsights_skip_tracking":false,"_monsterinsights_sitenote_active":false,"_monsterinsights_sitenote_note":"","_monsterinsights_sitenote_category":0},"categories":[599],"tags":[],"aioseo_notices":[],"_links":{"self":[{"href":"https:\/\/tva.cv\/index.php\/wp-json\/wp\/v2\/posts\/38050"}],"collection":[{"href":"https:\/\/tva.cv\/index.php\/wp-json\/wp\/v2\/posts"}],"about":[{"href":"https:\/\/tva.cv\/index.php\/wp-json\/wp\/v2\/types\/post"}],"author":[{"embeddable":true,"href":"https:\/\/tva.cv\/index.php\/wp-json\/wp\/v2\/users\/13"}],"replies":[{"embeddable":true,"href":"https:\/\/tva.cv\/index.php\/wp-json\/wp\/v2\/comments?post=38050"}],"version-history":[{"count":1,"href":"https:\/\/tva.cv\/index.php\/wp-json\/wp\/v2\/posts\/38050\/revisions"}],"predecessor-version":[{"id":38052,"href":"https:\/\/tva.cv\/index.php\/wp-json\/wp\/v2\/posts\/38050\/revisions\/38052"}],"wp:featuredmedia":[{"embeddable":true,"href":"https:\/\/tva.cv\/index.php\/wp-json\/wp\/v2\/media\/38051"}],"wp:attachment":[{"href":"https:\/\/tva.cv\/index.php\/wp-json\/wp\/v2\/media?parent=38050"}],"wp:term":[{"taxonomy":"category","embeddable":true,"href":"https:\/\/tva.cv\/index.php\/wp-json\/wp\/v2\/categories?post=38050"},{"taxonomy":"post_tag","embeddable":true,"href":"https:\/\/tva.cv\/index.php\/wp-json\/wp\/v2\/tags?post=38050"}],"curies":[{"name":"wp","href":"https:\/\/api.w.org\/{rel}","templated":true}]}}