{"id":37838,"date":"2022-06-22T18:47:37","date_gmt":"2022-06-22T19:47:37","guid":{"rendered":"https:\/\/tva.cv\/?p=37838"},"modified":"2022-06-29T11:35:25","modified_gmt":"2022-06-29T12:35:25","slug":"uni-cv-apresenta-novas-ofertas-formativas-em-tecnologias-e-inovacao","status":"publish","type":"post","link":"https:\/\/tva.cv\/index.php\/2022\/06\/22\/uni-cv-apresenta-novas-ofertas-formativas-em-tecnologias-e-inovacao\/","title":{"rendered":"Uni-CV apresenta novas ofertas formativas em tecnologias e inova\u00e7\u00e3o"},"content":{"rendered":"<p><iframe style=\"border: none; overflow: hidden; display: block; margin: 0 auto;\" src=\"https:\/\/riftplay.tv\/site\/tva-iframe?vimeo=723093938\" width=\"560\" height=\"314\" frameborder=\"0\" scrolling=\"no\" allowfullscreen=\"allowfullscreen\"><span style=\"display: inline-block; width: 0px; overflow: hidden; line-height: 0;\" data-mce-type=\"bookmark\" class=\"mce_SELRES_start\">\ufeff<\/span><\/iframe><br \/>\nA nova direc\u00e7\u00e3o da Universidade de Cabo Verde, liderada pelo Reitor Arlindo Barreto, recentemente eleito, apresentou esta quarta-feira o seu plano de actividades e os projectos que pretende vir a implementar ao longo do mandato. O respons\u00e1vel m\u00e1ximo da Uni-CV indicou que a aposta vai ser na diversifica\u00e7\u00e3o, atrav\u00e9s da implementa\u00e7\u00e3o de novas ofertas formativas, e alargamento do ensino superior \u00e0 regi\u00e3o Fogo e Brava.<\/p>\n","protected":false},"excerpt":{"rendered":"<p>\ufeff A nova direc\u00e7\u00e3o da Universidade de Cabo Verde, liderada pelo Reitor Arlindo Barreto, recentemente eleito, apresentou esta quarta-feira o seu plano de actividades e os projectos que pretende vir a implementar ao longo do mandato. O respons\u00e1vel m\u00e1ximo da Uni-CV indicou que a aposta vai ser na diversifica\u00e7\u00e3o, atrav\u00e9s da implementa\u00e7\u00e3o de novas ofertas formativas, e alargamento do ensino superior \u00e0 regi\u00e3o Fogo e Brava.<\/p>\n","protected":false},"author":12,"featured_media":37839,"comment_status":"open","ping_status":"open","sticky":false,"template":"","format":"standard","meta":{"om_disable_all_campaigns":false,"_monsterinsights_skip_tracking":false,"_monsterinsights_sitenote_active":false,"_monsterinsights_sitenote_note":"","_monsterinsights_sitenote_category":0},"categories":[561],"tags":[],"aioseo_notices":[],"_links":{"self":[{"href":"https:\/\/tva.cv\/index.php\/wp-json\/wp\/v2\/posts\/37838"}],"collection":[{"href":"https:\/\/tva.cv\/index.php\/wp-json\/wp\/v2\/posts"}],"about":[{"href":"https:\/\/tva.cv\/index.php\/wp-json\/wp\/v2\/types\/post"}],"author":[{"embeddable":true,"href":"https:\/\/tva.cv\/index.php\/wp-json\/wp\/v2\/users\/12"}],"replies":[{"embeddable":true,"href":"https:\/\/tva.cv\/index.php\/wp-json\/wp\/v2\/comments?post=37838"}],"version-history":[{"count":1,"href":"https:\/\/tva.cv\/index.php\/wp-json\/wp\/v2\/posts\/37838\/revisions"}],"predecessor-version":[{"id":37840,"href":"https:\/\/tva.cv\/index.php\/wp-json\/wp\/v2\/posts\/37838\/revisions\/37840"}],"wp:featuredmedia":[{"embeddable":true,"href":"https:\/\/tva.cv\/index.php\/wp-json\/wp\/v2\/media\/37839"}],"wp:attachment":[{"href":"https:\/\/tva.cv\/index.php\/wp-json\/wp\/v2\/media?parent=37838"}],"wp:term":[{"taxonomy":"category","embeddable":true,"href":"https:\/\/tva.cv\/index.php\/wp-json\/wp\/v2\/categories?post=37838"},{"taxonomy":"post_tag","embeddable":true,"href":"https:\/\/tva.cv\/index.php\/wp-json\/wp\/v2\/tags?post=37838"}],"curies":[{"name":"wp","href":"https:\/\/api.w.org\/{rel}","templated":true}]}}