{"id":37743,"date":"2022-06-10T12:48:26","date_gmt":"2022-06-10T13:48:26","guid":{"rendered":"https:\/\/tva.cv\/?p=37743"},"modified":"2022-06-16T11:32:56","modified_gmt":"2022-06-16T12:32:56","slug":"paicv-denuncia-haver-familias-que-nao-conseguem-levar-a-panela-ao-lume","status":"publish","type":"post","link":"https:\/\/tva.cv\/index.php\/2022\/06\/10\/paicv-denuncia-haver-familias-que-nao-conseguem-levar-a-panela-ao-lume\/","title":{"rendered":"PAICV denuncia haver fam\u00edlias que &#8220;n\u00e3o conseguem levar a panela ao lume\u201d"},"content":{"rendered":"<p><iframe style=\"border: none; overflow: hidden; display: block; margin: 0 auto;\" src=\"https:\/\/riftplay.tv\/site\/tva-iframe?vimeo=719101846\" width=\"560\" height=\"314\" frameborder=\"0\" scrolling=\"no\" allowfullscreen=\"allowfullscreen\"><span style=\"display: inline-block; width: 0px; overflow: hidden; line-height: 0;\" data-mce-type=\"bookmark\" class=\"mce_SELRES_start\">\ufeff<\/span><\/iframe><br \/>\nA bancada parlamentar do PAICV demonstrou a sua preocupa\u00e7\u00e3o, com aquilo que considera ser uma situa\u00e7\u00e3o degradante vivenciada por muitas fam\u00edlias no pa\u00eds. Na opini\u00e3o dos deputados do principal partido da oposi\u00e7\u00e3o, dado haver pessoas a viverem em situa\u00e7\u00f5es prec\u00e1rias, no entender destes, a interven\u00e7\u00e3o do Governo est\u00e1 aqu\u00e9m de assegurar o rendimento a essas fam\u00edlias, e no entender do PAICV, hoje regista-se \u201cum empobrecimento generalizado das fam\u00edlias cabo-verdianas\u201d.<\/p>\n","protected":false},"excerpt":{"rendered":"<p>\ufeff A bancada parlamentar do PAICV demonstrou a sua preocupa\u00e7\u00e3o, com aquilo que considera ser uma situa\u00e7\u00e3o degradante vivenciada por muitas fam\u00edlias no pa\u00eds. Na opini\u00e3o dos deputados do principal partido da oposi\u00e7\u00e3o, dado haver pessoas a viverem em situa\u00e7\u00f5es prec\u00e1rias, no entender destes, a interven\u00e7\u00e3o do Governo est\u00e1 aqu\u00e9m de assegurar o rendimento a essas fam\u00edlias, e no entender do PAICV, hoje regista-se \u201cum empobrecimento generalizado das fam\u00edlias cabo-verdianas\u201d.<\/p>\n","protected":false},"author":14,"featured_media":37740,"comment_status":"open","ping_status":"open","sticky":false,"template":"","format":"standard","meta":{"om_disable_all_campaigns":false,"_monsterinsights_skip_tracking":false,"_monsterinsights_sitenote_active":false,"_monsterinsights_sitenote_note":"","_monsterinsights_sitenote_category":0},"categories":[557],"tags":[],"aioseo_notices":[],"_links":{"self":[{"href":"https:\/\/tva.cv\/index.php\/wp-json\/wp\/v2\/posts\/37743"}],"collection":[{"href":"https:\/\/tva.cv\/index.php\/wp-json\/wp\/v2\/posts"}],"about":[{"href":"https:\/\/tva.cv\/index.php\/wp-json\/wp\/v2\/types\/post"}],"author":[{"embeddable":true,"href":"https:\/\/tva.cv\/index.php\/wp-json\/wp\/v2\/users\/14"}],"replies":[{"embeddable":true,"href":"https:\/\/tva.cv\/index.php\/wp-json\/wp\/v2\/comments?post=37743"}],"version-history":[{"count":1,"href":"https:\/\/tva.cv\/index.php\/wp-json\/wp\/v2\/posts\/37743\/revisions"}],"predecessor-version":[{"id":37744,"href":"https:\/\/tva.cv\/index.php\/wp-json\/wp\/v2\/posts\/37743\/revisions\/37744"}],"wp:featuredmedia":[{"embeddable":true,"href":"https:\/\/tva.cv\/index.php\/wp-json\/wp\/v2\/media\/37740"}],"wp:attachment":[{"href":"https:\/\/tva.cv\/index.php\/wp-json\/wp\/v2\/media?parent=37743"}],"wp:term":[{"taxonomy":"category","embeddable":true,"href":"https:\/\/tva.cv\/index.php\/wp-json\/wp\/v2\/categories?post=37743"},{"taxonomy":"post_tag","embeddable":true,"href":"https:\/\/tva.cv\/index.php\/wp-json\/wp\/v2\/tags?post=37743"}],"curies":[{"name":"wp","href":"https:\/\/api.w.org\/{rel}","templated":true}]}}