{"id":37668,"date":"2022-06-03T16:49:55","date_gmt":"2022-06-03T17:49:55","guid":{"rendered":"https:\/\/tva.cv\/?p=37668"},"modified":"2022-06-06T18:22:45","modified_gmt":"2022-06-06T19:22:45","slug":"taxistas-da-praia-exigem-novas-tarifas-apos-20-anos-sem-actualizacoes","status":"publish","type":"post","link":"https:\/\/tva.cv\/index.php\/2022\/06\/03\/taxistas-da-praia-exigem-novas-tarifas-apos-20-anos-sem-actualizacoes\/","title":{"rendered":"Taxistas da Praia exigem novas tarifas ap\u00f3s 20 anos sem actualiza\u00e7\u00f5es"},"content":{"rendered":"<p><iframe style=\"border: none; overflow: hidden; display: block; margin: 0 auto;\" src=\"https:\/\/riftplay.tv\/site\/tva-iframe?vimeo=716864522\" width=\"560\" height=\"314\" frameborder=\"0\" scrolling=\"no\" allowfullscreen=\"allowfullscreen\"><span style=\"display: inline-block; width: 0px; overflow: hidden; line-height: 0;\" data-mce-type=\"bookmark\" class=\"mce_SELRES_start\">\ufeff<\/span><\/iframe><\/p>\n<p>As associa\u00e7\u00f5es de propriet\u00e1rios de t\u00e1xi e de taxistas da Praia consideram que os sucessivos aumentos dos pre\u00e7os dos combust\u00edveis est\u00e3o a comprometer a sustentabilidade da sua actividade. E dizem que n\u00e3o podem continuar a ser sempre os sacrificados.<\/p>\n","protected":false},"excerpt":{"rendered":"<p>\ufeff As associa\u00e7\u00f5es de propriet\u00e1rios de t\u00e1xi e de taxistas da Praia consideram que os sucessivos aumentos dos pre\u00e7os dos combust\u00edveis est\u00e3o a comprometer a sustentabilidade da sua actividade. E dizem que n\u00e3o podem continuar a ser sempre os sacrificados.<\/p>\n","protected":false},"author":14,"featured_media":37669,"comment_status":"open","ping_status":"open","sticky":false,"template":"","format":"standard","meta":{"om_disable_all_campaigns":false,"_monsterinsights_skip_tracking":false,"_monsterinsights_sitenote_active":false,"_monsterinsights_sitenote_note":"","_monsterinsights_sitenote_category":0},"categories":[558],"tags":[],"aioseo_notices":[],"_links":{"self":[{"href":"https:\/\/tva.cv\/index.php\/wp-json\/wp\/v2\/posts\/37668"}],"collection":[{"href":"https:\/\/tva.cv\/index.php\/wp-json\/wp\/v2\/posts"}],"about":[{"href":"https:\/\/tva.cv\/index.php\/wp-json\/wp\/v2\/types\/post"}],"author":[{"embeddable":true,"href":"https:\/\/tva.cv\/index.php\/wp-json\/wp\/v2\/users\/14"}],"replies":[{"embeddable":true,"href":"https:\/\/tva.cv\/index.php\/wp-json\/wp\/v2\/comments?post=37668"}],"version-history":[{"count":1,"href":"https:\/\/tva.cv\/index.php\/wp-json\/wp\/v2\/posts\/37668\/revisions"}],"predecessor-version":[{"id":37670,"href":"https:\/\/tva.cv\/index.php\/wp-json\/wp\/v2\/posts\/37668\/revisions\/37670"}],"wp:featuredmedia":[{"embeddable":true,"href":"https:\/\/tva.cv\/index.php\/wp-json\/wp\/v2\/media\/37669"}],"wp:attachment":[{"href":"https:\/\/tva.cv\/index.php\/wp-json\/wp\/v2\/media?parent=37668"}],"wp:term":[{"taxonomy":"category","embeddable":true,"href":"https:\/\/tva.cv\/index.php\/wp-json\/wp\/v2\/categories?post=37668"},{"taxonomy":"post_tag","embeddable":true,"href":"https:\/\/tva.cv\/index.php\/wp-json\/wp\/v2\/tags?post=37668"}],"curies":[{"name":"wp","href":"https:\/\/api.w.org\/{rel}","templated":true}]}}