{"id":37651,"date":"2022-06-02T17:04:52","date_gmt":"2022-06-02T18:04:52","guid":{"rendered":"https:\/\/tva.cv\/?p=37651"},"modified":"2022-06-03T16:58:04","modified_gmt":"2022-06-03T17:58:04","slug":"me-promove-o-uso-eficiente-da-agua-atraves-de-livros-didacticos","status":"publish","type":"post","link":"https:\/\/tva.cv\/index.php\/2022\/06\/02\/me-promove-o-uso-eficiente-da-agua-atraves-de-livros-didacticos\/","title":{"rendered":"ME promove o uso eficiente da \u00e1gua atrav\u00e9s de livros did\u00e1cticos"},"content":{"rendered":"<p><iframe style=\"border: none; overflow: hidden; display: block; margin: 0 auto;\" src=\"https:\/\/riftplay.tv\/site\/tva-iframe?vimeo=716498737\" width=\"560\" height=\"314\" frameborder=\"0\" scrolling=\"no\" allowfullscreen=\"allowfullscreen\"><span style=\"display: inline-block; width: 0px; overflow: hidden; line-height: 0;\" data-mce-type=\"bookmark\" class=\"mce_SELRES_start\">\ufeff<\/span><\/iframe><\/p>\n<p>O Governo entregou esta quinta-feira um conjunto de materiais did\u00e1cticos, orientados para a pedagogia sobre o ambiente, a v\u00e1rios agrupamentos escolares do ensino b\u00e1sico obrigat\u00f3rio da cidade da Praia. Esses documentos foram produzidos no \u00e2mbito do projecto \u201cAdaptares\u201d, que promove a adapta\u00e7\u00e3o das crian\u00e7as e jovens \u00e0s mudan\u00e7as clim\u00e1ticas, chama a aten\u00e7\u00e3o para a preven\u00e7\u00e3o de riscos como a seca e ensina op\u00e7\u00f5es de uso eficiente da \u00e1gua, al\u00e9m da sua reutiliza\u00e7\u00e3o..<\/p>\n","protected":false},"excerpt":{"rendered":"<p>\ufeff O Governo entregou esta quinta-feira um conjunto de materiais did\u00e1cticos, orientados para a pedagogia sobre o ambiente, a v\u00e1rios agrupamentos escolares do ensino b\u00e1sico obrigat\u00f3rio da cidade da Praia. Esses documentos foram produzidos no \u00e2mbito do projecto \u201cAdaptares\u201d, que promove a adapta\u00e7\u00e3o das crian\u00e7as e jovens \u00e0s mudan\u00e7as clim\u00e1ticas, chama a aten\u00e7\u00e3o para a preven\u00e7\u00e3o de riscos como a seca e ensina op\u00e7\u00f5es de uso eficiente da \u00e1gua, al\u00e9m da sua reutiliza\u00e7\u00e3o..<\/p>\n","protected":false},"author":12,"featured_media":37652,"comment_status":"open","ping_status":"open","sticky":false,"template":"","format":"standard","meta":{"om_disable_all_campaigns":false,"_monsterinsights_skip_tracking":false,"_monsterinsights_sitenote_active":false,"_monsterinsights_sitenote_note":"","_monsterinsights_sitenote_category":0},"categories":[561],"tags":[],"aioseo_notices":[],"_links":{"self":[{"href":"https:\/\/tva.cv\/index.php\/wp-json\/wp\/v2\/posts\/37651"}],"collection":[{"href":"https:\/\/tva.cv\/index.php\/wp-json\/wp\/v2\/posts"}],"about":[{"href":"https:\/\/tva.cv\/index.php\/wp-json\/wp\/v2\/types\/post"}],"author":[{"embeddable":true,"href":"https:\/\/tva.cv\/index.php\/wp-json\/wp\/v2\/users\/12"}],"replies":[{"embeddable":true,"href":"https:\/\/tva.cv\/index.php\/wp-json\/wp\/v2\/comments?post=37651"}],"version-history":[{"count":1,"href":"https:\/\/tva.cv\/index.php\/wp-json\/wp\/v2\/posts\/37651\/revisions"}],"predecessor-version":[{"id":37653,"href":"https:\/\/tva.cv\/index.php\/wp-json\/wp\/v2\/posts\/37651\/revisions\/37653"}],"wp:featuredmedia":[{"embeddable":true,"href":"https:\/\/tva.cv\/index.php\/wp-json\/wp\/v2\/media\/37652"}],"wp:attachment":[{"href":"https:\/\/tva.cv\/index.php\/wp-json\/wp\/v2\/media?parent=37651"}],"wp:term":[{"taxonomy":"category","embeddable":true,"href":"https:\/\/tva.cv\/index.php\/wp-json\/wp\/v2\/categories?post=37651"},{"taxonomy":"post_tag","embeddable":true,"href":"https:\/\/tva.cv\/index.php\/wp-json\/wp\/v2\/tags?post=37651"}],"curies":[{"name":"wp","href":"https:\/\/api.w.org\/{rel}","templated":true}]}}