{"id":37640,"date":"2022-05-31T16:55:35","date_gmt":"2022-05-31T17:55:35","guid":{"rendered":"https:\/\/tva.cv\/?p=37640"},"modified":"2022-06-03T16:56:09","modified_gmt":"2022-06-03T17:56:09","slug":"forum-economico-em-cv-e-visto-como-aposta-para-empoderar-o-sector-privado","status":"publish","type":"post","link":"https:\/\/tva.cv\/index.php\/2022\/05\/31\/forum-economico-em-cv-e-visto-como-aposta-para-empoderar-o-sector-privado\/","title":{"rendered":"F\u00f3rum econ\u00f3mico em CV \u00e9 visto como aposta para empoderar o sector privado"},"content":{"rendered":"<p><iframe style=\"border: none; overflow: hidden; display: block; margin: 0 auto;\" src=\"https:\/\/riftplay.tv\/site\/tva-iframe?vimeo=715700520\" width=\"560\" height=\"314\" frameborder=\"0\" scrolling=\"no\" allowfullscreen=\"allowfullscreen\"><span style=\"display: inline-block; width: 0px; overflow: hidden; line-height: 0;\" data-mce-type=\"bookmark\" class=\"mce_SELRES_start\">\ufeff<\/span><\/iframe><\/p>\n<p>Cabo Verde vai acolher nos dias 16 e 17 de junho, uma nova edi\u00e7\u00e3o do f\u00f3rum de investimento empresarial, vocacionado para o sector privado cabo-verdiano. Para o Ministro das Finan\u00e7as, al\u00e9m de ser um evento de apresenta\u00e7\u00e3o das pol\u00edticas estrat\u00e9gicas do Governo que visam desenvolver a economia nacional, serve como oportunidade para que os empres\u00e1rios do pa\u00eds possam atrair investimentos estrangeiros  aos seus neg\u00f3cios.  <\/p>\n","protected":false},"excerpt":{"rendered":"<p>\ufeff Cabo Verde vai acolher nos dias 16 e 17 de junho, uma nova edi\u00e7\u00e3o do f\u00f3rum de investimento empresarial, vocacionado para o sector privado cabo-verdiano. Para o Ministro das Finan\u00e7as, al\u00e9m de ser um evento de apresenta\u00e7\u00e3o das pol\u00edticas estrat\u00e9gicas do Governo que visam desenvolver a economia nacional, serve como oportunidade para que os empres\u00e1rios do pa\u00eds possam atrair investimentos estrangeiros aos seus neg\u00f3cios.<\/p>\n","protected":false},"author":14,"featured_media":37641,"comment_status":"open","ping_status":"open","sticky":false,"template":"","format":"standard","meta":{"om_disable_all_campaigns":false,"_monsterinsights_skip_tracking":false,"_monsterinsights_sitenote_active":false,"_monsterinsights_sitenote_note":"","_monsterinsights_sitenote_category":0},"categories":[558],"tags":[],"aioseo_notices":[],"_links":{"self":[{"href":"https:\/\/tva.cv\/index.php\/wp-json\/wp\/v2\/posts\/37640"}],"collection":[{"href":"https:\/\/tva.cv\/index.php\/wp-json\/wp\/v2\/posts"}],"about":[{"href":"https:\/\/tva.cv\/index.php\/wp-json\/wp\/v2\/types\/post"}],"author":[{"embeddable":true,"href":"https:\/\/tva.cv\/index.php\/wp-json\/wp\/v2\/users\/14"}],"replies":[{"embeddable":true,"href":"https:\/\/tva.cv\/index.php\/wp-json\/wp\/v2\/comments?post=37640"}],"version-history":[{"count":1,"href":"https:\/\/tva.cv\/index.php\/wp-json\/wp\/v2\/posts\/37640\/revisions"}],"predecessor-version":[{"id":37642,"href":"https:\/\/tva.cv\/index.php\/wp-json\/wp\/v2\/posts\/37640\/revisions\/37642"}],"wp:featuredmedia":[{"embeddable":true,"href":"https:\/\/tva.cv\/index.php\/wp-json\/wp\/v2\/media\/37641"}],"wp:attachment":[{"href":"https:\/\/tva.cv\/index.php\/wp-json\/wp\/v2\/media?parent=37640"}],"wp:term":[{"taxonomy":"category","embeddable":true,"href":"https:\/\/tva.cv\/index.php\/wp-json\/wp\/v2\/categories?post=37640"},{"taxonomy":"post_tag","embeddable":true,"href":"https:\/\/tva.cv\/index.php\/wp-json\/wp\/v2\/tags?post=37640"}],"curies":[{"name":"wp","href":"https:\/\/api.w.org\/{rel}","templated":true}]}}