{"id":37494,"date":"2022-05-18T19:32:13","date_gmt":"2022-05-18T20:32:13","guid":{"rendered":"https:\/\/tva.cv\/?p=37494"},"modified":"2022-05-23T15:22:09","modified_gmt":"2022-05-23T16:22:09","slug":"37494","status":"publish","type":"post","link":"https:\/\/tva.cv\/index.php\/2022\/05\/18\/37494\/","title":{"rendered":"CV quer reestruturar d\u00edvida p\u00fablica em capital clim\u00e1tico"},"content":{"rendered":"<p><iframe style=\"border: none; overflow: hidden; display: block; margin: 0 auto;\" src=\"https:\/\/riftplay.tv\/site\/tva-iframe?vimeo=711383427\" width=\"560\" height=\"314\" frameborder=\"0\" scrolling=\"no\" allowfullscreen=\"allowfullscreen\"><span style=\"display: inline-block; width: 0px; overflow: hidden; line-height: 0;\" data-mce-type=\"bookmark\" class=\"mce_SELRES_start\">\ufeff<\/span><\/iframe><br \/>\nReestrutura\u00e7\u00e3o da D\u00edvida P\u00fablica em Capital Natural e Clim\u00e1tico\u201d \u00e9 o nome do projecto apresentado e debatido, nesta quarta-feira, num Workshop, organizado pela ADAD. Este projecto visa melhorar e estruturar os indicadores-chave de desempenho do clima e da natureza.<\/p>\n","protected":false},"excerpt":{"rendered":"<p>\ufeff Reestrutura\u00e7\u00e3o da D\u00edvida P\u00fablica em Capital Natural e Clim\u00e1tico\u201d \u00e9 o nome do projecto apresentado e debatido, nesta quarta-feira, num Workshop, organizado pela ADAD. Este projecto visa melhorar e estruturar os indicadores-chave de desempenho do clima e da natureza.<\/p>\n","protected":false},"author":14,"featured_media":37495,"comment_status":"open","ping_status":"open","sticky":false,"template":"","format":"standard","meta":{"om_disable_all_campaigns":false,"_monsterinsights_skip_tracking":false,"_monsterinsights_sitenote_active":false,"_monsterinsights_sitenote_note":"","_monsterinsights_sitenote_category":0},"categories":[592],"tags":[],"aioseo_notices":[],"_links":{"self":[{"href":"https:\/\/tva.cv\/index.php\/wp-json\/wp\/v2\/posts\/37494"}],"collection":[{"href":"https:\/\/tva.cv\/index.php\/wp-json\/wp\/v2\/posts"}],"about":[{"href":"https:\/\/tva.cv\/index.php\/wp-json\/wp\/v2\/types\/post"}],"author":[{"embeddable":true,"href":"https:\/\/tva.cv\/index.php\/wp-json\/wp\/v2\/users\/14"}],"replies":[{"embeddable":true,"href":"https:\/\/tva.cv\/index.php\/wp-json\/wp\/v2\/comments?post=37494"}],"version-history":[{"count":3,"href":"https:\/\/tva.cv\/index.php\/wp-json\/wp\/v2\/posts\/37494\/revisions"}],"predecessor-version":[{"id":37498,"href":"https:\/\/tva.cv\/index.php\/wp-json\/wp\/v2\/posts\/37494\/revisions\/37498"}],"wp:featuredmedia":[{"embeddable":true,"href":"https:\/\/tva.cv\/index.php\/wp-json\/wp\/v2\/media\/37495"}],"wp:attachment":[{"href":"https:\/\/tva.cv\/index.php\/wp-json\/wp\/v2\/media?parent=37494"}],"wp:term":[{"taxonomy":"category","embeddable":true,"href":"https:\/\/tva.cv\/index.php\/wp-json\/wp\/v2\/categories?post=37494"},{"taxonomy":"post_tag","embeddable":true,"href":"https:\/\/tva.cv\/index.php\/wp-json\/wp\/v2\/tags?post=37494"}],"curies":[{"name":"wp","href":"https:\/\/api.w.org\/{rel}","templated":true}]}}