{"id":37448,"date":"2022-05-16T11:34:58","date_gmt":"2022-05-16T12:34:58","guid":{"rendered":"https:\/\/tva.cv\/?p=37448"},"modified":"2022-05-18T10:06:28","modified_gmt":"2022-05-18T11:06:28","slug":"prisao-preventiva-para-cinco-pessoas-detidas-em-megaoperacao-da-pn-na-cidade-da-praia","status":"publish","type":"post","link":"https:\/\/tva.cv\/index.php\/2022\/05\/16\/prisao-preventiva-para-cinco-pessoas-detidas-em-megaoperacao-da-pn-na-cidade-da-praia\/","title":{"rendered":"Pris\u00e3o preventiva para cinco pessoas detidas em megaopera\u00e7\u00e3o da PN na Cidade da Praia"},"content":{"rendered":"<p><iframe style=\"border: none; overflow: hidden; display: block; margin: 0 auto;\" src=\"https:\/\/riftplay.tv\/site\/tva-iframe?vimeo=710341291\" width=\"560\" height=\"314\" frameborder=\"0\" scrolling=\"no\" allowfullscreen=\"allowfullscreen\"><span style=\"display: inline-block; width: 0px; overflow: hidden; line-height: 0;\" data-mce-type=\"bookmark\" class=\"mce_SELRES_start\">\ufeff<\/span><\/iframe><\/p>\n<p>O Tribunal da Comarca da Praia aplicou pris\u00e3o preventiva, como medida de coa\u00e7\u00e3o, \u00e0 cinco pessoas detidas em flagrante na passada ter\u00e7a feira, 10 de maio, na sequ\u00eancia de uma megaopera\u00e7\u00e3o de combate \u00e0 criminalidade realizada na Cidade da Praia pela Dire\u00e7\u00e3o Central de Investiga\u00e7\u00e3o Criminal da Pol\u00edcia Nacional.<\/p>\n","protected":false},"excerpt":{"rendered":"<p>\ufeff O Tribunal da Comarca da Praia aplicou pris\u00e3o preventiva, como medida de coa\u00e7\u00e3o, \u00e0 cinco pessoas detidas em flagrante na passada ter\u00e7a feira, 10 de maio, na sequ\u00eancia de uma megaopera\u00e7\u00e3o de combate \u00e0 criminalidade realizada na Cidade da Praia pela Dire\u00e7\u00e3o Central de Investiga\u00e7\u00e3o Criminal da Pol\u00edcia Nacional.<\/p>\n","protected":false},"author":14,"featured_media":37449,"comment_status":"open","ping_status":"open","sticky":false,"template":"","format":"standard","meta":{"om_disable_all_campaigns":false,"_monsterinsights_skip_tracking":false,"_monsterinsights_sitenote_active":false,"_monsterinsights_sitenote_note":"","_monsterinsights_sitenote_category":0},"categories":[587],"tags":[],"aioseo_notices":[],"_links":{"self":[{"href":"https:\/\/tva.cv\/index.php\/wp-json\/wp\/v2\/posts\/37448"}],"collection":[{"href":"https:\/\/tva.cv\/index.php\/wp-json\/wp\/v2\/posts"}],"about":[{"href":"https:\/\/tva.cv\/index.php\/wp-json\/wp\/v2\/types\/post"}],"author":[{"embeddable":true,"href":"https:\/\/tva.cv\/index.php\/wp-json\/wp\/v2\/users\/14"}],"replies":[{"embeddable":true,"href":"https:\/\/tva.cv\/index.php\/wp-json\/wp\/v2\/comments?post=37448"}],"version-history":[{"count":1,"href":"https:\/\/tva.cv\/index.php\/wp-json\/wp\/v2\/posts\/37448\/revisions"}],"predecessor-version":[{"id":37450,"href":"https:\/\/tva.cv\/index.php\/wp-json\/wp\/v2\/posts\/37448\/revisions\/37450"}],"wp:featuredmedia":[{"embeddable":true,"href":"https:\/\/tva.cv\/index.php\/wp-json\/wp\/v2\/media\/37449"}],"wp:attachment":[{"href":"https:\/\/tva.cv\/index.php\/wp-json\/wp\/v2\/media?parent=37448"}],"wp:term":[{"taxonomy":"category","embeddable":true,"href":"https:\/\/tva.cv\/index.php\/wp-json\/wp\/v2\/categories?post=37448"},{"taxonomy":"post_tag","embeddable":true,"href":"https:\/\/tva.cv\/index.php\/wp-json\/wp\/v2\/tags?post=37448"}],"curies":[{"name":"wp","href":"https:\/\/api.w.org\/{rel}","templated":true}]}}