{"id":37386,"date":"2022-05-09T12:47:16","date_gmt":"2022-05-09T13:47:16","guid":{"rendered":"https:\/\/tva.cv\/?p=37386"},"modified":"2022-05-10T11:01:15","modified_gmt":"2022-05-10T12:01:15","slug":"cmp-cria-observatorio-para-fomentar-o-empreendedorismo-jovem-na-praia","status":"publish","type":"post","link":"https:\/\/tva.cv\/index.php\/2022\/05\/09\/cmp-cria-observatorio-para-fomentar-o-empreendedorismo-jovem-na-praia\/","title":{"rendered":"CMP cria observat\u00f3rio para fomentar o empreendedorismo jovem na Praia"},"content":{"rendered":"<p><iframe style=\"border: none; overflow: hidden; display: block; margin: 0 auto;\" src=\"https:\/\/riftplay.tv\/site\/tva-iframe?vimeo=707803658\" width=\"560\" height=\"314\" frameborder=\"0\" scrolling=\"no\" allowfullscreen=\"allowfullscreen\"><span style=\"display: inline-block; width: 0px; overflow: hidden; line-height: 0;\" data-mce-type=\"bookmark\" class=\"mce_SELRES_start\">\ufeff<\/span><\/iframe><\/p>\n<p>O Munic\u00edpio da Praia j\u00e1 tem mais uma estrutura de apoio \u00e0s iniciativas empresariais dos jovens. Trata-se de um Observat\u00f3rio de Fomento  do Empreendedorismo, que j\u00e1 est\u00e1 a funcionar, com o objectivo de reduzir o desemprego jovem.<\/p>\n","protected":false},"excerpt":{"rendered":"<p>\ufeff O Munic\u00edpio da Praia j\u00e1 tem mais uma estrutura de apoio \u00e0s iniciativas empresariais dos jovens. Trata-se de um Observat\u00f3rio de Fomento do Empreendedorismo, que j\u00e1 est\u00e1 a funcionar, com o objectivo de reduzir o desemprego jovem.<\/p>\n","protected":false},"author":14,"featured_media":37387,"comment_status":"open","ping_status":"open","sticky":false,"template":"","format":"standard","meta":{"om_disable_all_campaigns":false,"_monsterinsights_skip_tracking":false,"_monsterinsights_sitenote_active":false,"_monsterinsights_sitenote_note":"","_monsterinsights_sitenote_category":0},"categories":[557],"tags":[],"aioseo_notices":[],"_links":{"self":[{"href":"https:\/\/tva.cv\/index.php\/wp-json\/wp\/v2\/posts\/37386"}],"collection":[{"href":"https:\/\/tva.cv\/index.php\/wp-json\/wp\/v2\/posts"}],"about":[{"href":"https:\/\/tva.cv\/index.php\/wp-json\/wp\/v2\/types\/post"}],"author":[{"embeddable":true,"href":"https:\/\/tva.cv\/index.php\/wp-json\/wp\/v2\/users\/14"}],"replies":[{"embeddable":true,"href":"https:\/\/tva.cv\/index.php\/wp-json\/wp\/v2\/comments?post=37386"}],"version-history":[{"count":2,"href":"https:\/\/tva.cv\/index.php\/wp-json\/wp\/v2\/posts\/37386\/revisions"}],"predecessor-version":[{"id":37398,"href":"https:\/\/tva.cv\/index.php\/wp-json\/wp\/v2\/posts\/37386\/revisions\/37398"}],"wp:featuredmedia":[{"embeddable":true,"href":"https:\/\/tva.cv\/index.php\/wp-json\/wp\/v2\/media\/37387"}],"wp:attachment":[{"href":"https:\/\/tva.cv\/index.php\/wp-json\/wp\/v2\/media?parent=37386"}],"wp:term":[{"taxonomy":"category","embeddable":true,"href":"https:\/\/tva.cv\/index.php\/wp-json\/wp\/v2\/categories?post=37386"},{"taxonomy":"post_tag","embeddable":true,"href":"https:\/\/tva.cv\/index.php\/wp-json\/wp\/v2\/tags?post=37386"}],"curies":[{"name":"wp","href":"https:\/\/api.w.org\/{rel}","templated":true}]}}