{"id":37288,"date":"2022-04-26T15:57:54","date_gmt":"2022-04-26T16:57:54","guid":{"rendered":"https:\/\/tva.cv\/?p=37288"},"modified":"2022-04-27T11:38:27","modified_gmt":"2022-04-27T12:38:27","slug":"cabo-verde-nao-regista-casos-locais-de-paludismo-ha-4-anos","status":"publish","type":"post","link":"https:\/\/tva.cv\/index.php\/2022\/04\/26\/cabo-verde-nao-regista-casos-locais-de-paludismo-ha-4-anos\/","title":{"rendered":"Cabo Verde n\u00e3o regista casos locais de paludismo h\u00e1 4 anos"},"content":{"rendered":"<p><iframe style=\"border: none; overflow: hidden; display: block; margin: 0 auto;\" src=\"https:\/\/riftplay.tv\/site\/tva-iframe?vimeo=703371987\" width=\"560\" height=\"314\" frameborder=\"0\" scrolling=\"no\" allowfullscreen=\"allowfullscreen\"><span style=\"display: inline-block; width: 0px; overflow: hidden; line-height: 0;\" data-mce-type=\"bookmark\" class=\"mce_SELRES_start\">\ufeff<\/span><\/iframe><\/p>\n<p>H\u00e1 quatro anos que Cabo Verde n\u00e3o regista nenhum caso local de paludismo o que o habilita a ser certificado, pela OMS, como pa\u00eds isento da doen\u00e7a. Essa \u00e9 uma pretens\u00e3o que as autoridades sanit\u00e1rias nacionais querem ver concretizada at\u00e9 finais do corrente ano.<\/p>\n","protected":false},"excerpt":{"rendered":"<p>\ufeff H\u00e1 quatro anos que Cabo Verde n\u00e3o regista nenhum caso local de paludismo o que o habilita a ser certificado, pela OMS, como pa\u00eds isento da doen\u00e7a. Essa \u00e9 uma pretens\u00e3o que as autoridades sanit\u00e1rias nacionais querem ver concretizada at\u00e9 finais do corrente ano.<\/p>\n","protected":false},"author":2,"featured_media":37289,"comment_status":"open","ping_status":"open","sticky":false,"template":"","format":"standard","meta":{"om_disable_all_campaigns":false,"_monsterinsights_skip_tracking":false,"_monsterinsights_sitenote_active":false,"_monsterinsights_sitenote_note":"","_monsterinsights_sitenote_category":0},"categories":[560],"tags":[],"aioseo_notices":[],"_links":{"self":[{"href":"https:\/\/tva.cv\/index.php\/wp-json\/wp\/v2\/posts\/37288"}],"collection":[{"href":"https:\/\/tva.cv\/index.php\/wp-json\/wp\/v2\/posts"}],"about":[{"href":"https:\/\/tva.cv\/index.php\/wp-json\/wp\/v2\/types\/post"}],"author":[{"embeddable":true,"href":"https:\/\/tva.cv\/index.php\/wp-json\/wp\/v2\/users\/2"}],"replies":[{"embeddable":true,"href":"https:\/\/tva.cv\/index.php\/wp-json\/wp\/v2\/comments?post=37288"}],"version-history":[{"count":1,"href":"https:\/\/tva.cv\/index.php\/wp-json\/wp\/v2\/posts\/37288\/revisions"}],"predecessor-version":[{"id":37290,"href":"https:\/\/tva.cv\/index.php\/wp-json\/wp\/v2\/posts\/37288\/revisions\/37290"}],"wp:featuredmedia":[{"embeddable":true,"href":"https:\/\/tva.cv\/index.php\/wp-json\/wp\/v2\/media\/37289"}],"wp:attachment":[{"href":"https:\/\/tva.cv\/index.php\/wp-json\/wp\/v2\/media?parent=37288"}],"wp:term":[{"taxonomy":"category","embeddable":true,"href":"https:\/\/tva.cv\/index.php\/wp-json\/wp\/v2\/categories?post=37288"},{"taxonomy":"post_tag","embeddable":true,"href":"https:\/\/tva.cv\/index.php\/wp-json\/wp\/v2\/tags?post=37288"}],"curies":[{"name":"wp","href":"https:\/\/api.w.org\/{rel}","templated":true}]}}