{"id":37268,"date":"2022-04-22T10:38:02","date_gmt":"2022-04-22T11:38:02","guid":{"rendered":"https:\/\/tva.cv\/?p=37268"},"modified":"2022-04-25T10:52:29","modified_gmt":"2022-04-25T11:52:29","slug":"trabalhadores-da-ehtcv-entram-em-greve-de-2-dias","status":"publish","type":"post","link":"https:\/\/tva.cv\/index.php\/2022\/04\/22\/trabalhadores-da-ehtcv-entram-em-greve-de-2-dias\/","title":{"rendered":"Trabalhadores da EHTCV entram em greve de 2 dias"},"content":{"rendered":"<p><iframe style=\"border: none; overflow: hidden; display: block; margin: 0 auto;\" src=\"https:\/\/riftplay.tv\/site\/tva-iframe?vimeo=702009247\" width=\"560\" height=\"314\" frameborder=\"0\" scrolling=\"no\" allowfullscreen=\"allowfullscreen\"><span style=\"display: inline-block; width: 0px; overflow: hidden; line-height: 0;\" data-mce-type=\"bookmark\" class=\"mce_SELRES_start\">\ufeff<\/span><\/iframe><\/p>\n<p>Os trabalhadores da Escola de Hotelaria e Turismo de Cabo Verde est\u00e3o em greve. Os mesmos exigem a implementa\u00e7\u00e3o do Plano de Cargos, Carreiras e Sal\u00e1rios da institui\u00e7\u00e3o, dizem estar cansados de esperar.<\/p>\n","protected":false},"excerpt":{"rendered":"<p>\ufeff Os trabalhadores da Escola de Hotelaria e Turismo de Cabo Verde est\u00e3o em greve. Os mesmos exigem a implementa\u00e7\u00e3o do Plano de Cargos, Carreiras e Sal\u00e1rios da institui\u00e7\u00e3o, dizem estar cansados de esperar.<\/p>\n","protected":false},"author":13,"featured_media":37269,"comment_status":"open","ping_status":"open","sticky":false,"template":"","format":"standard","meta":{"om_disable_all_campaigns":false,"_monsterinsights_skip_tracking":false,"_monsterinsights_sitenote_active":false,"_monsterinsights_sitenote_note":"","_monsterinsights_sitenote_category":0},"categories":[567],"tags":[],"aioseo_notices":[],"_links":{"self":[{"href":"https:\/\/tva.cv\/index.php\/wp-json\/wp\/v2\/posts\/37268"}],"collection":[{"href":"https:\/\/tva.cv\/index.php\/wp-json\/wp\/v2\/posts"}],"about":[{"href":"https:\/\/tva.cv\/index.php\/wp-json\/wp\/v2\/types\/post"}],"author":[{"embeddable":true,"href":"https:\/\/tva.cv\/index.php\/wp-json\/wp\/v2\/users\/13"}],"replies":[{"embeddable":true,"href":"https:\/\/tva.cv\/index.php\/wp-json\/wp\/v2\/comments?post=37268"}],"version-history":[{"count":1,"href":"https:\/\/tva.cv\/index.php\/wp-json\/wp\/v2\/posts\/37268\/revisions"}],"predecessor-version":[{"id":37270,"href":"https:\/\/tva.cv\/index.php\/wp-json\/wp\/v2\/posts\/37268\/revisions\/37270"}],"wp:featuredmedia":[{"embeddable":true,"href":"https:\/\/tva.cv\/index.php\/wp-json\/wp\/v2\/media\/37269"}],"wp:attachment":[{"href":"https:\/\/tva.cv\/index.php\/wp-json\/wp\/v2\/media?parent=37268"}],"wp:term":[{"taxonomy":"category","embeddable":true,"href":"https:\/\/tva.cv\/index.php\/wp-json\/wp\/v2\/categories?post=37268"},{"taxonomy":"post_tag","embeddable":true,"href":"https:\/\/tva.cv\/index.php\/wp-json\/wp\/v2\/tags?post=37268"}],"curies":[{"name":"wp","href":"https:\/\/api.w.org\/{rel}","templated":true}]}}