{"id":37206,"date":"2022-04-14T16:16:01","date_gmt":"2022-04-14T17:16:01","guid":{"rendered":"https:\/\/tva.cv\/?p=37206"},"modified":"2022-04-18T09:42:02","modified_gmt":"2022-04-18T10:42:02","slug":"greve-dos-professores-adiada-para-outubro","status":"publish","type":"post","link":"https:\/\/tva.cv\/index.php\/2022\/04\/14\/greve-dos-professores-adiada-para-outubro\/","title":{"rendered":"Greve dos Professores adiada para Outubro"},"content":{"rendered":"<p><iframe style=\"border: none; overflow: hidden; display: block; margin: 0 auto;\" src=\"https:\/\/riftplay.tv\/site\/tva-iframe?vimeo=699520480\" width=\"560\" height=\"314\" frameborder=\"0\" scrolling=\"no\" allowfullscreen=\"allowfullscreen\"><span style=\"display: inline-block; width: 0px; overflow: hidden; line-height: 0;\" data-mce-type=\"bookmark\" class=\"mce_SELRES_start\">\ufeff<\/span><\/iframe><\/p>\n<p>A greve dos professores, afectos ao SINDEP, prevista para o dia 23 deste m\u00eas, foi desconvocada por ter havido alguma aproxima\u00e7\u00e3o entre o Minist\u00e9rio da Educa\u00e7\u00e3o e a Classe Docente. Esta informa\u00e7\u00e3o foi avan\u00e7ada pelo Presidente do SINDEP que, no entanto, n\u00e3o desiste de intentar uma ac\u00e7\u00e3o Judicial contra o Governo.<\/p>\n","protected":false},"excerpt":{"rendered":"<p>\ufeff A greve dos professores, afectos ao SINDEP, prevista para o dia 23 deste m\u00eas, foi desconvocada por ter havido alguma aproxima\u00e7\u00e3o entre o Minist\u00e9rio da Educa\u00e7\u00e3o e a Classe Docente. Esta informa\u00e7\u00e3o foi avan\u00e7ada pelo Presidente do SINDEP que, no entanto, n\u00e3o desiste de intentar uma ac\u00e7\u00e3o Judicial contra o Governo.<\/p>\n","protected":false},"author":20,"featured_media":37207,"comment_status":"open","ping_status":"open","sticky":false,"template":"","format":"standard","meta":{"om_disable_all_campaigns":false,"_monsterinsights_skip_tracking":false,"_monsterinsights_sitenote_active":false,"_monsterinsights_sitenote_note":"","_monsterinsights_sitenote_category":0},"categories":[561],"tags":[],"aioseo_notices":[],"_links":{"self":[{"href":"https:\/\/tva.cv\/index.php\/wp-json\/wp\/v2\/posts\/37206"}],"collection":[{"href":"https:\/\/tva.cv\/index.php\/wp-json\/wp\/v2\/posts"}],"about":[{"href":"https:\/\/tva.cv\/index.php\/wp-json\/wp\/v2\/types\/post"}],"author":[{"embeddable":true,"href":"https:\/\/tva.cv\/index.php\/wp-json\/wp\/v2\/users\/20"}],"replies":[{"embeddable":true,"href":"https:\/\/tva.cv\/index.php\/wp-json\/wp\/v2\/comments?post=37206"}],"version-history":[{"count":1,"href":"https:\/\/tva.cv\/index.php\/wp-json\/wp\/v2\/posts\/37206\/revisions"}],"predecessor-version":[{"id":37208,"href":"https:\/\/tva.cv\/index.php\/wp-json\/wp\/v2\/posts\/37206\/revisions\/37208"}],"wp:featuredmedia":[{"embeddable":true,"href":"https:\/\/tva.cv\/index.php\/wp-json\/wp\/v2\/media\/37207"}],"wp:attachment":[{"href":"https:\/\/tva.cv\/index.php\/wp-json\/wp\/v2\/media?parent=37206"}],"wp:term":[{"taxonomy":"category","embeddable":true,"href":"https:\/\/tva.cv\/index.php\/wp-json\/wp\/v2\/categories?post=37206"},{"taxonomy":"post_tag","embeddable":true,"href":"https:\/\/tva.cv\/index.php\/wp-json\/wp\/v2\/tags?post=37206"}],"curies":[{"name":"wp","href":"https:\/\/api.w.org\/{rel}","templated":true}]}}